{"id":7853,"date":"2017-11-11T00:00:00","date_gmt":"2017-11-10T23:00:00","guid":{"rendered":"https:\/\/histoire-en-citations.fr\/WP\/2025\/06\/26\/pompidou-le-general-de-gaulle-est-mort-la-france-est-veuve-2\/"},"modified":"2025-07-19T09:14:01","modified_gmt":"2025-07-19T07:14:01","slug":"pompidou-le-general-de-gaulle-est-mort-la-france-est-veuve-2","status":"publish","type":"post","link":"https:\/\/histoire-en-citations.fr\/WP\/pompidou-le-general-de-gaulle-est-mort-la-france-est-veuve-2\/","title":{"rendered":"Pompidou : \u00ab\u00a0Le g\u00e9n\u00e9ral de Gaulle est mort. La France est veuve.\u00a0\u00bb"},"content":{"rendered":"<div class=\"field-item even\">\n<p><a title=\" Seconde Guerre Mondiale citations\" href=\"https:\/\/www.histoire-en-citations.fr\/boutique\/volume-9\"><img fetchpriority=\"high\" decoding=\"async\" src=\"https:\/\/histoire-en-citations.fr\/WP\/wp-content\/uploads\/2025\/06\/histoire-en-citations-09-2d-guerre-mondiale-9.jpg\" alt=\" Seconde Guerre Mondiale citations\" title=\" Seconde Guerre Mondiale citations\" style=\"float: left;margin-left: 10px;margin-right: 10px\" width=\"200\" height=\"267\"><\/a>Cinqui\u00e8me R\u00e9publique apr\u00e8s de Gaulle (depuis 1969).<\/p>\n<p>Apr\u00e8s la mort du pr\u00e9sident Pompidou, plus ou moins h\u00e9ritier du gaullisme, la France majoritairement centriste \u00e9lit Giscard d\u2019Estaing, le temps d\u2019un septennat (1974-1981). Modernis\u00e9e par des r\u00e9formes de soci\u00e9t\u00e9 (dont l\u2019<span class=\"caps\">IVG<\/span>), elle refuse l\u2019aust\u00e9rit\u00e9 \u00e9conomique des \u00ab\u00a0plans Barre\u00a0\u00bb. Les droites se divisent, les gauches s\u2019unissent et le jeu politique culmine avec le ph\u00e9nom\u00e8ne Coluche\u00a0!<\/p>\n<p><em>Les commentaires sont all\u00e9g\u00e9s, les coupes signal\u00e9es (\u2026) <a href=\"https:\/\/www.histoire-en-citations.fr\/boutique\" target=\"_blank\">Retrouvez l\u2019int\u00e9gralit\u00e9 dans nos Chroniques de l\u2019Histoire en citations<\/a>.<\/em><\/p>\n<blockquote>\n<p class=\"citation-small\">\u00ab\u00a0Le g\u00e9n\u00e9ral de Gaulle est mort. La France est veuve.\u00a0\u00bb<span id=\"3127\" class=\"cit-num\">3127<\/span><\/p>\n<p class=\"auteur\">Georges <span class=\"caps\">POMPIDOU<\/span> (1911-1974), D\u00e9claration du pr\u00e9sident de la R\u00e9publique, Allocution radiot\u00e9l\u00e9vis\u00e9e, 10\u00a0novembre 1970<\/p>\n<\/blockquote>\n<p class=\"ressi\">Cette mort remonte au soir du 9\u00a0novembre, alors que le g\u00e9n\u00e9ral, avant le d\u00eener, faisait une patience (jeu de cartes), dans sa r\u00e9sidence personnelle de la Boisserie, \u00e0 Colombey-les-Deux-\u00c9glises. Il est pris d\u2019un malaise, c\u2019est une rupture d\u2019an\u00e9vrisme. Il meurt 20 minutes apr\u00e8s, \u00e0 79\u00a0ans (\u2026)<\/p>\n<p>Le petit village de Colombey-les-Deux-\u00c9glises, d\u00e9partement de Haute-Marne, va devenir un lieu de p\u00e8lerinage national.<\/p>\n<blockquote>\n<p class=\"citation-small\">\u00ab\u00a0Je voudrais regarder la France au fond des yeux, lui dire mon message et \u00e9couter le sien.\u00a0\u00bb<span id=\"3150\" class=\"cit-num\">3150<\/span><\/p>\n<p class=\"auteur\">Val\u00e9ry <span class=\"caps\">GISCARD<\/span> D\u2019<span class=\"caps\">ESTAING<\/span> (1926-2020), Proclamation de Chamali\u00e8res (Puy-de-D\u00f4me), 8\u00a0avril 1974<\/p>\n<\/blockquote>\n<p class=\"ressi\">Dans un d\u00e9lai calcul\u00e9, en des termes pes\u00e9s, de sa mairie de Chamali\u00e8res, le candidat s\u2019exprime\u00a0: \u00ab\u00a0Je m\u2019adresse \u00e0 vous aujourd\u2019hui, dans cette mairie de la province d\u2019Auvergne [\u2026] La France a besoin d\u2019une majorit\u00e9 \u00e9largie [\u2026] Je m\u2019efforcerai de mener une campagne exemplaire.\u00a0\u00bb Giscard avait pris ses distances avec de Gaulle\u00a0: soutien critique, symbolis\u00e9 par le \u00ab\u00a0oui, mais\u00a0\u00bb\u2026 avant de voter \u00ab\u00a0non\u00a0\u00bb, au r\u00e9f\u00e9rendum de 1969, qui entra\u00eena le d\u00e9part du g\u00e9n\u00e9ral (\u2026)<\/p>\n<blockquote>\n<p class=\"citation-small\">\u00ab\u00a0La France doit devenir un immense chantier de r\u00e9formes.\u00a0\u00bb<span id=\"3156\" class=\"cit-num\">3156<\/span><\/p>\n<p class=\"auteur\">Val\u00e9ry <span class=\"caps\">GISCARD<\/span> D\u2019<span class=\"caps\">ESTAING<\/span> (1926-2020), Conseil des ministres, 25\u00a0septembre 1974<\/p>\n<\/blockquote>\n<p class=\"ressi\">Innombrables projets lanc\u00e9s dans les premiers mois du septennat, certains aboutiront\u00a0: abaissement \u00e0 18\u00a0ans de l\u2019\u00e2ge de la majorit\u00e9 (\u00e9lectorale et civile), statut de la ville de Paris (qui retrouve un maire \u00e9lu et unique), \u00e9clatement de l\u2019<span class=\"caps\">ORTF<\/span>, simplification des proc\u00e9dures de divorce, loi sur l\u2019interruption volontaire de grossesse (<span class=\"caps\">IVG<\/span>) qui va d\u00e9cha\u00eener des passions.<\/p>\n<blockquote>\n<p class=\"citation-small\">\u00ab\u00a0Je gouverne et gouvernerai la France au centre [\u2026] et sachez que la main tient la barre.\u00a0\u00bb<span id=\"3163\" class=\"cit-num\">3163<\/span><\/p>\n<p class=\"auteur\">Val\u00e9ry <span class=\"caps\">GISCARD<\/span> D\u2019<span class=\"caps\">ESTAING<\/span> (1926-2020), r\u00e9union de presse, 4\u00a0d\u00e9cembre 1975<\/p>\n<\/blockquote>\n<p class=\"ressi\">Sous le gouvernement Chirac et pendant que s\u2019affirme la gauche unitaire, les distorsions s\u2019aggravent, entre le pr\u00e9sident et sa majorit\u00e9 naturelle (\u2026) Toujours le jeu des partis.<\/p>\n<blockquote>\n<p class=\"citation-small\">\u00ab\u00a0La France a peur.\u00a0\u00bb<span id=\"3168\" class=\"cit-num\">3168<\/span><\/p>\n<p class=\"auteur\">Roger <span class=\"caps\">GICQUEL<\/span> (1933-2010), \u00ab\u00a0Journal de 20\u00a0heures\u00a0\u00bb, <span class=\"caps\">TF1<\/span>, 18\u00a0f\u00e9vrier 1976<\/p>\n<\/blockquote>\n<p class=\"ressi\">Pr\u00e9sentateur vedette du <span class=\"caps\">JT<\/span>, il doit \u00ab\u00a0incarner\u00a0\u00bb l\u2019information, pour mieux fid\u00e9liser le public. Gros plan sur Gicquel et sur le visage d\u2019un enfant, en arri\u00e8re-plan. \u00ab\u00a0La France a peur (\u2026) La France conna\u00eet la panique depuis qu\u2019hier soir, une vingtaine de minutes apr\u00e8s la fin de ce journal, on a appris cette horreur\u00a0: un enfant est mort (\u2026)<\/p>\n<p>D\u2019autres faits divers viennent r\u00e9guli\u00e8rement, voire obsessionnellement bousculer l\u2019actualit\u00e9 politique, sociale, \u00e9conomique. L\u2019affaire Patrick Henry est plus qu\u2019un fait divers judiciaire. Le proc\u00e8s sera celui de la peine de mort en France (\u2026)<\/p>\n<blockquote>\n<p class=\"citation-small\">\u00ab\u00a0La France vit au-dessus de ses moyens.\u00a0\u00bb<span id=\"3171\" class=\"cit-num\">3171<\/span><\/p>\n<p class=\"auteur\">Raymond <span class=\"caps\">BARRE<\/span> (1924-2007), <span class=\"caps\">TF1<\/span>, allocution du 22\u00a0septembre 1976<\/p>\n<\/blockquote>\n<p class=\"ressi\">(\u2026) Le Premier ministre, toujours tr\u00e8s professeur, expose le 5\u00a0octobre \u00e0 l\u2019Assembl\u00e9e son plan d\u2019assainissement \u00e9conomique et financier, nouveau plan Barre\u00a0: \u00ab\u00a0La lutte contre l\u2019inflation est un pr\u00e9alable \u00e0 toute ambition nationale. Aucun pays ne peut durablement s\u2019accommoder de l\u2019inflation sans risquer de succomber \u00e0 de graves d\u00e9sordres \u00e9conomiques et sociaux et de perdre sa libert\u00e9 d\u2019action.\u00a0\u00bb Les r\u00e9alit\u00e9s sont enfin prises \u00e0 bras-le-corps (\u2026) Mais les mesures d\u2019aust\u00e9rit\u00e9 annonc\u00e9es provoquent, in\u00e9vitablement, l\u2019hostilit\u00e9 des syndicats et de l\u2019opposition.<\/p>\n<blockquote>\n<p class=\"citation-small\">\u00ab\u00a0Nous disons non \u00e0 une France vassale dans un empire de marchands, non \u00e0 une France qui d\u00e9missionne aujourd\u2019hui pour s\u2019effacer demain [\u2026] Comme toujours quand il s\u2019agit de l\u2019abaissement de la France, le parti de l\u2019\u00e9tranger est \u00e0 l\u2019\u0153uvre, avec sa voix paisible et rassurante. Fran\u00e7ais, ne l\u2019\u00e9coutez pas\u00a0!\u00a0\u00bb<span id=\"3186\" class=\"cit-num\">3186<\/span><\/p>\n<p class=\"auteur\">Jacques <span class=\"caps\">CHIRAC<\/span> (1932-2019), Appel de Cochin, 6\u00a0d\u00e9cembre 1978<\/p>\n<\/blockquote>\n<p class=\"ressi\">(\u2026) On pr\u00e9pare les premi\u00e8res \u00e9lections europ\u00e9ennes au suffrage universel, chaque grande formation aura sa liste. Chirac, victime d\u2019un accident d\u2019auto en Corr\u00e8ze et soign\u00e9 \u00e0 Cochin, lance cet avertissement hors toute r\u00e9alit\u00e9, visant l\u2019<span class=\"caps\">UDF<\/span> et la politique du centre droit pr\u00f4nant une Europe f\u00e9d\u00e9rale. Cette bombe est surtout une insulte \u00e0 Barre, \u00e0 Giscard, \u00e0 Simone Veil, \u00e0 des millions de Fran\u00e7ais (\u2026) L\u2019effet sera d\u00e9sastreux pour Chirac, qui change de conseillers (\u2026)<\/p>\n<blockquote>\n<p class=\"citation-small\">\u00ab\u00a0J\u2019entends me tenir \u00e0 la ligne du juste milieu. Celle de la synth\u00e8se des propositions, de la rencontre des hommes, de la mobilisation des forces pour aider la France, et non pour d\u00e9chirer la France. Ce n\u2019est pas une ligne neutre. C\u2019est une ligne de paix et d\u2019entente, \u00e0 suivre avec beaucoup de soin dans ces temps de temp\u00eates.\u00a0\u00bb<span id=\"3194\" class=\"cit-num\">3194<\/span><\/p>\n<p class=\"auteur\">Val\u00e9ry <span class=\"caps\">GISCARD<\/span> D\u2019<span class=\"caps\">ESTAING<\/span> (1926-2020), D\u00e9claration \u00e0 la Foire de Lyon, 23\u00a0mars 1980<\/p>\n<\/blockquote>\n<p class=\"ressi\">Un an avant l\u2019\u00e9lection pr\u00e9sidentielle, le pr\u00e9sident estime avoir r\u00e9alis\u00e9 les trois quarts de ce qu\u2019il souhaitait faire, malgr\u00e9 les divisions de la droite, les deux chocs p\u00e9troliers, l\u2019agitation des jeunes, l\u2019opposition des syndicats. Divers sondages le donnent largement vainqueur face \u00e0 la gauche (Rocard et Mitterrand). Cela ne peut que l\u2019encourager \u00e0 pers\u00e9v\u00e9rer dans sa \u00ab\u00a0ligne du juste milieu\u00a0\u00bb et son centrisme r\u00e9formateur. Mais l\u2019affaire des diamants \u00e9corne irr\u00e9m\u00e9diablement son image (\u2026)<\/p>\n<blockquote>\n<p class=\"citation-small\">\u00ab\u00a0Jusqu\u2019\u00e0 pr\u00e9sent la France est coup\u00e9e en deux, avec moi elle sera pli\u00e9e en quatre\u00a0!\u00a0\u00bb<span id=\"3196\" class=\"cit-num\">3196<\/span><\/p>\n<p class=\"auteur\"><span class=\"caps\">COLUCHE<\/span> (1944-1986), slogan du candidat \u00e0 l\u2019\u00e9lection pr\u00e9sidentielle de 1981<\/p>\n<\/blockquote>\n<p class=\"ressi\">30\u00a0octobre 1980, il convoque la presse en son th\u00e9\u00e2tre du Gymnase, pour une d\u00e9claration de candidature fid\u00e8le \u00e0 son image\u00a0: \u00ab\u00a0J\u2019appelle les fain\u00e9ants, les crasseux, les drogu\u00e9s, les alcooliques, les p\u00e9d\u00e9s, les femmes, les parasites, les jeunes, les vieux, les artistes, les taulards, les gouines, les apprentis, les Noirs, les pi\u00e9tons, les Arabes, les Fran\u00e7ais, les chevelus, les fous, les travestis, les anciens communistes, les abstentionnistes convaincus, tous ceux qui ne comptent pas pour les hommes politiques \u00e0 voter pour moi, \u00e0 s\u2019inscrire dans leurs mairies et \u00e0 colporter la nouvelle. Tous ensemble pour leur foutre au cul avec Coluche. Le seul candidat qui n\u2019a aucune raison de vous mentir\u00a0!\u00a0\u00bb (\u2026)<\/p>\n<\/div>\n<style>\r\n        a .cit-num {\r\n            text-decoration: none !important;\r\n            color: inherit !important;\r\n        }\r\n    <\/style>","protected":false},"excerpt":{"rendered":"<p>Cinqui\u00e8me R\u00e9publique apr\u00e8s de Gaulle (depuis 1969). Apr\u00e8s la mort du pr\u00e9sident Pompidou, plus ou moins h\u00e9ritier du gaullisme, la France majoritairement centriste \u00e9lit Giscard d\u2019Estaing, le temps d\u2019un septennat (1974-1981). Modernis\u00e9e par des r\u00e9formes de soci\u00e9t\u00e9 (dont l\u2019IVG), elle refuse l\u2019aust\u00e9rit\u00e9 \u00e9conomique des \u00ab\u00a0plans Barre\u00a0\u00bb. Les droites se divisent, les gauches s\u2019unissent et le [&#8230;]<\/p>\n","protected":false},"author":1,"featured_media":0,"comment_status":"open","ping_status":"open","sticky":false,"template":"","format":"standard","meta":{"site-sidebar-layout":"default","site-content-layout":"","ast-site-content-layout":"default","site-content-style":"default","site-sidebar-style":"default","ast-global-header-display":"","ast-banner-title-visibility":"","ast-main-header-display":"","ast-hfb-above-header-display":"","ast-hfb-below-header-display":"","ast-hfb-mobile-header-display":"","site-post-title":"","ast-breadcrumbs-content":"","ast-featured-img":"","footer-sml-layout":"","theme-transparent-header-meta":"","adv-header-id-meta":"","stick-header-meta":"","header-above-stick-meta":"","header-main-stick-meta":"","header-below-stick-meta":"","astra-migrate-meta-layouts":"default","ast-page-background-enabled":"default","ast-page-background-meta":{"desktop":{"background-color":"var(--ast-global-color-5)","background-image":"","background-repeat":"repeat","background-position":"center center","background-size":"auto","background-attachment":"scroll","background-type":"","background-media":"","overlay-type":"","overlay-color":"","overlay-opacity":"","overlay-gradient":""},"tablet":{"background-color":"","background-image":"","background-repeat":"repeat","background-position":"center center","background-size":"auto","background-attachment":"scroll","background-type":"","background-media":"","overlay-type":"","overlay-color":"","overlay-opacity":"","overlay-gradient":""},"mobile":{"background-color":"","background-image":"","background-repeat":"repeat","background-position":"center center","background-size":"auto","background-attachment":"scroll","background-type":"","background-media":"","overlay-type":"","overlay-color":"","overlay-opacity":"","overlay-gradient":""}},"ast-content-background-meta":{"desktop":{"background-color":"var(--ast-global-color-4)","background-image":"","background-repeat":"repeat","background-position":"center center","background-size":"auto","background-attachment":"scroll","background-type":"","background-media":"","overlay-type":"","overlay-color":"","overlay-opacity":"","overlay-gradient":""},"tablet":{"background-color":"var(--ast-global-color-4)","background-image":"","background-repeat":"repeat","background-position":"center center","background-size":"auto","background-attachment":"scroll","background-type":"","background-media":"","overlay-type":"","overlay-color":"","overlay-opacity":"","overlay-gradient":""},"mobile":{"background-color":"var(--ast-global-color-4)","background-image":"","background-repeat":"repeat","background-position":"center center","background-size":"auto","background-attachment":"scroll","background-type":"","background-media":"","overlay-type":"","overlay-color":"","overlay-opacity":"","overlay-gradient":""}},"iawp_total_views":1,"footnotes":""},"categories":[1921],"tags":[],"class_list":["post-7853","post","type-post","status-publish","format-standard","hentry","category-chronique-cinquieme-republique-citation-du-jour-georges-pompidou"],"_links":{"self":[{"href":"https:\/\/histoire-en-citations.fr\/WP\/wp-json\/wp\/v2\/posts\/7853","targetHints":{"allow":["GET"]}}],"collection":[{"href":"https:\/\/histoire-en-citations.fr\/WP\/wp-json\/wp\/v2\/posts"}],"about":[{"href":"https:\/\/histoire-en-citations.fr\/WP\/wp-json\/wp\/v2\/types\/post"}],"author":[{"embeddable":true,"href":"https:\/\/histoire-en-citations.fr\/WP\/wp-json\/wp\/v2\/users\/1"}],"replies":[{"embeddable":true,"href":"https:\/\/histoire-en-citations.fr\/WP\/wp-json\/wp\/v2\/comments?post=7853"}],"version-history":[{"count":1,"href":"https:\/\/histoire-en-citations.fr\/WP\/wp-json\/wp\/v2\/posts\/7853\/revisions"}],"predecessor-version":[{"id":7855,"href":"https:\/\/histoire-en-citations.fr\/WP\/wp-json\/wp\/v2\/posts\/7853\/revisions\/7855"}],"wp:attachment":[{"href":"https:\/\/histoire-en-citations.fr\/WP\/wp-json\/wp\/v2\/media?parent=7853"}],"wp:term":[{"taxonomy":"category","embeddable":true,"href":"https:\/\/histoire-en-citations.fr\/WP\/wp-json\/wp\/v2\/categories?post=7853"},{"taxonomy":"post_tag","embeddable":true,"href":"https:\/\/histoire-en-citations.fr\/WP\/wp-json\/wp\/v2\/tags?post=7853"}],"curies":[{"name":"wp","href":"https:\/\/api.w.org\/{rel}","templated":true}]}}