{"id":7894,"date":"2019-11-09T00:00:00","date_gmt":"2019-11-08T23:00:00","guid":{"rendered":"https:\/\/histoire-en-citations.fr\/WP\/2025\/06\/26\/jules-guesde-spectacle-ecoeurant-de-la-republique-vendue-et-livree-par-des-mains-republicaines\/"},"modified":"2025-08-12T08:43:39","modified_gmt":"2025-08-12T06:43:39","slug":"jules-guesde-spectacle-ecoeurant-de-la-republique-vendue-et-livree-par-des-mains-republicaines","status":"publish","type":"post","link":"https:\/\/histoire-en-citations.fr\/WP\/jules-guesde-spectacle-ecoeurant-de-la-republique-vendue-et-livree-par-des-mains-republicaines\/","title":{"rendered":"Jules Guesde : \u00ab Spectacle \u00e9c\u0153urant de la R\u00e9publique vendue et livr\u00e9e par des mains r\u00e9publicaines.\u00a0\u00bb"},"content":{"rendered":"<div class=\"field-item even\">\n<p>\u00a0<\/p>\n<h4>Troisi\u00e8me R\u00e9publique<\/h4>\n<p><strong>L\u2019armistice de 1871<\/strong><\/p>\n<div class=\"encart\">\n<p>L\u2019armistice est sign\u00e9 le 28 janvier 1871. Ses conditions humiliantes provoquent un rejet des Parisiens, et \u00f4tent \u00e0 leurs yeux toute cr\u00e9dibilit\u00e9 au gouvernement.<\/p>\n<\/div>\n<p><em>Les commentaires sont all\u00e9g\u00e9s, les coupes signal\u00e9es (\u2026) <a href=\"https:\/\/histoire-en-citations.fr\/WP\/boutique\/\" target=\"_blank\">Retrouvez l\u2019int\u00e9gralit\u00e9 dans nos Chroniques de l\u2019Histoire en citations<\/a>.<\/em><\/p>\n<blockquote>\n<p class=\"citation citation-small\"><span class=\"enonce\">\u00ab\u00a0Spectacle \u00e9c\u0153urant de la R\u00e9publique vendue et livr\u00e9e par des mains r\u00e9publicaines.\u00a0\u00bb<span id=\"2351\" class=\"cit-num\">2351<\/span><\/span><\/p>\n<p class=\"auteur\"><span data-href=\"\/auteurs\/jules-guesde\"><span class=\"author\"><span class=\"surname\">Jules <\/span><span class=\"name\"><span class=\"caps\">GUESDE<\/span><\/span><\/span><\/span> (1845-1922), indign\u00e9 par l\u2019armistice sign\u00e9 le 26\u00a0janvier 1871<\/p>\n<p class=\"source\"><cite>Encyclop\u00e6dia Universalis<\/cite>, article \u00ab\u00a0guerre\u00a0\u00bb.<\/p>\n<\/blockquote>\n<p>R\u00e9volutionnaire marxiste (l\u2019un des premiers en France), hostile \u00e0 la guerre contre la Prusse, il n\u2019en est pas moins r\u00e9volt\u00e9 par les conditions de cette tr\u00eave, sign\u00e9e \u00e0 Versailles avec Bismarck. Sans consulter Gambetta dont les arm\u00e9es ont accumul\u00e9 les d\u00e9faites, Jules Favre n\u00e9gocie avec l\u2019ennemi d\u00e8s le 22 janvier (nouveau jour d\u2019\u00e9meute parisienne) et le 24, le chancelier Bismarck accepte la capitulation. L\u2019arm\u00e9e de Paris (130 000 hommes) est d\u00e9clar\u00e9e prisonni\u00e8re de guerre, \u00e0 Paris, et d\u00e9sarm\u00e9e, mais la garde nationale conserve ses armes. M\u00eame si les fusils ne sont pas excellents, une ville en armes est une poudri\u00e8re.<\/p>\n<blockquote>\n<p class=\"citation-small\">\u00ab\u00a0Tous les esprits tourn\u00e9s vers la guerre, et cette lutte de cinq mois aboutissant \u00e0 une immense d\u00e9ception, une population enti\u00e8re qui tombe du sommet des illusions les plus immenses que jamais population ait con\u00e7ues.\u00a0\u00bb<span id=\"2352\" class=\"cit-num\">2352<\/span><\/p>\n<p class=\"auteur\">Jules <span class=\"caps\">FERRY<\/span> (1832-1893). <em>Enqu\u00eate parlementaire sur l\u2019insurrection du 18 mars<\/em> (1872), Commission d\u2019enqu\u00eate sur l\u2019insurrection du 18 mars, comte Napol\u00e9on Daru<\/p>\n<\/blockquote>\n<p>Membre du gouvernement de la D\u00e9fense nationale, c\u2019est un t\u00e9moin lucide de la situation. La guerre prolong\u00e9e sans espoir faisait craindre une prise de pouvoir r\u00e9volutionnaire dans la capitale, mais la capitulation \u00f4te toute cr\u00e9dibilit\u00e9 \u00e0 ce gouvernement de la \u00ab\u00a0d\u00e9fection nationale\u00a0\u00bb (\u2026)<\/p>\n<blockquote>\n<p class=\"citation-small\">\u00ab\u00a0La ville de Paris est une personne trop puissante et trop riche pour que sa ran\u00e7on ne soit pas digne d\u2019elle.\u00a0\u00bb<span id=\"2353\" class=\"cit-num\">2353<\/span><\/p>\n<p class=\"auteur\">Otto von <span class=\"caps\">BISMARCK<\/span> (1815-1898), le chancelier allemand qui fixe donc la \u00ab\u00a0ran\u00e7on\u00a0\u00bb \u00e0 au moins un milliard de franc, le 23 janvier 1871.<em> Bismarck et son temps<\/em> (1905), Paul Matter<\/p>\n<\/blockquote>\n<p>Jules Favre propose 100 millions, ses coll\u00e8gues ont fix\u00e9 la limite \u00e0 500, l\u2019indemnit\u00e9 de guerre sera finalement de 200 millions pour Paris, et cinq milliards de francs or pour l\u2019ensemble de la France, au lieu de six, Thiers ayant n\u00e9goci\u00e9 en bon bourgeois.<\/p>\n<p>Le pays s\u2019acquittera de cette dette consid\u00e9rable d\u00e8s 1873, gr\u00e2ce \u00e0 l\u2019emprunt (\u2026)<\/p>\n<blockquote>\n<p class=\"citation-small\">\u00ab\u00a0Bismarck qui n\u2019est pas en peine<br>D\u2019affamer les Parisiens<br>Nous demande la Lorraine,<br>L\u2019Alsace et les Alsaciens.<br>La honte pour nos soldats,<br>Des milliards \u00e0 son service.<br><em>Refrain<\/em><br>Ah\u00a0! zut \u00e0 ton armistice,<br>Bismarck, nous n\u2019en voulons pas.\u00a0\u00bb<span id=\"2354\" class=\"cit-num\">2354<\/span><\/p>\n<p class=\"auteur\">Alphonse <span class=\"caps\">LECLERCQ<\/span> (1820-1881), <em>L\u2019Armistice<\/em> (1870), chanson. <em>La Chanson de la Commune\u00a0: chansons et po\u00e8mes inspir\u00e9s par la Commune de 1871<\/em> (1991), Robert Br\u00e9cy. Et <span class=\"caps\">SACEM<\/span> (Soci\u00e9t\u00e9 des Auteurs, Compositeurs et \u00c9diteurs de Musique)<\/p>\n<\/blockquote>\n<p>Thiers et Favre ont c\u00e9d\u00e9 au chancelier allemand. Mais le peuple r\u00e9siste si bien que les Prussiens n\u2019entreront dans Paris qu\u2019un mois apr\u00e8s la capitulation de la capitale, sign\u00e9e avec l\u2019armistice, le 28 janvier 1871.<\/p>\n<\/div>\n<style>\r\n        a .cit-num {\r\n            text-decoration: none !important;\r\n            color: inherit !important;\r\n        }\r\n    <\/style>","protected":false},"excerpt":{"rendered":"<p>\u00a0 Troisi\u00e8me R\u00e9publique L&#8217;armistice de 1871 L&#8217;armistice est sign\u00e9 le 28 janvier 1871. Ses conditions humiliantes provoquent un rejet des Parisiens, et \u00f4tent \u00e0 leurs yeux toute cr\u00e9dibilit\u00e9 au gouvernement. Les commentaires sont all\u00e9g\u00e9s, les coupes signal\u00e9es (&#8230;) Retrouvez l&#8217;int\u00e9gralit\u00e9 dans nos Chroniques de l&#8217;Histoire en citations. \u00ab\u00a0Spectacle \u00e9c\u0153urant de la R\u00e9publique vendue et livr\u00e9e [&#8230;]<\/p>\n","protected":false},"author":1,"featured_media":0,"comment_status":"open","ping_status":"open","sticky":false,"template":"","format":"standard","meta":{"site-sidebar-layout":"default","site-content-layout":"","ast-site-content-layout":"default","site-content-style":"default","site-sidebar-style":"default","ast-global-header-display":"","ast-banner-title-visibility":"","ast-main-header-display":"","ast-hfb-above-header-display":"","ast-hfb-below-header-display":"","ast-hfb-mobile-header-display":"","site-post-title":"","ast-breadcrumbs-content":"","ast-featured-img":"","footer-sml-layout":"","theme-transparent-header-meta":"","adv-header-id-meta":"","stick-header-meta":"","header-above-stick-meta":"","header-main-stick-meta":"","header-below-stick-meta":"","astra-migrate-meta-layouts":"default","ast-page-background-enabled":"default","ast-page-background-meta":{"desktop":{"background-color":"var(--ast-global-color-5)","background-image":"","background-repeat":"repeat","background-position":"center center","background-size":"auto","background-attachment":"scroll","background-type":"","background-media":"","overlay-type":"","overlay-color":"","overlay-opacity":"","overlay-gradient":""},"tablet":{"background-color":"","background-image":"","background-repeat":"repeat","background-position":"center center","background-size":"auto","background-attachment":"scroll","background-type":"","background-media":"","overlay-type":"","overlay-color":"","overlay-opacity":"","overlay-gradient":""},"mobile":{"background-color":"","background-image":"","background-repeat":"repeat","background-position":"center center","background-size":"auto","background-attachment":"scroll","background-type":"","background-media":"","overlay-type":"","overlay-color":"","overlay-opacity":"","overlay-gradient":""}},"ast-content-background-meta":{"desktop":{"background-color":"var(--ast-global-color-4)","background-image":"","background-repeat":"repeat","background-position":"center center","background-size":"auto","background-attachment":"scroll","background-type":"","background-media":"","overlay-type":"","overlay-color":"","overlay-opacity":"","overlay-gradient":""},"tablet":{"background-color":"var(--ast-global-color-4)","background-image":"","background-repeat":"repeat","background-position":"center center","background-size":"auto","background-attachment":"scroll","background-type":"","background-media":"","overlay-type":"","overlay-color":"","overlay-opacity":"","overlay-gradient":""},"mobile":{"background-color":"var(--ast-global-color-4)","background-image":"","background-repeat":"repeat","background-position":"center center","background-size":"auto","background-attachment":"scroll","background-type":"","background-media":"","overlay-type":"","overlay-color":"","overlay-opacity":"","overlay-gradient":""}},"iawp_total_views":8,"footnotes":""},"categories":[245,7,1345,564],"tags":[],"class_list":["post-7894","post","type-post","status-publish","format-standard","hentry","category-chronique","category-chronique-du-jour","category-jules-guesde","category-troisieme-republique"],"_links":{"self":[{"href":"https:\/\/histoire-en-citations.fr\/WP\/wp-json\/wp\/v2\/posts\/7894","targetHints":{"allow":["GET"]}}],"collection":[{"href":"https:\/\/histoire-en-citations.fr\/WP\/wp-json\/wp\/v2\/posts"}],"about":[{"href":"https:\/\/histoire-en-citations.fr\/WP\/wp-json\/wp\/v2\/types\/post"}],"author":[{"embeddable":true,"href":"https:\/\/histoire-en-citations.fr\/WP\/wp-json\/wp\/v2\/users\/1"}],"replies":[{"embeddable":true,"href":"https:\/\/histoire-en-citations.fr\/WP\/wp-json\/wp\/v2\/comments?post=7894"}],"version-history":[{"count":2,"href":"https:\/\/histoire-en-citations.fr\/WP\/wp-json\/wp\/v2\/posts\/7894\/revisions"}],"predecessor-version":[{"id":12835,"href":"https:\/\/histoire-en-citations.fr\/WP\/wp-json\/wp\/v2\/posts\/7894\/revisions\/12835"}],"wp:attachment":[{"href":"https:\/\/histoire-en-citations.fr\/WP\/wp-json\/wp\/v2\/media?parent=7894"}],"wp:term":[{"taxonomy":"category","embeddable":true,"href":"https:\/\/histoire-en-citations.fr\/WP\/wp-json\/wp\/v2\/categories?post=7894"},{"taxonomy":"post_tag","embeddable":true,"href":"https:\/\/histoire-en-citations.fr\/WP\/wp-json\/wp\/v2\/tags?post=7894"}],"curies":[{"name":"wp","href":"https:\/\/api.w.org\/{rel}","templated":true}]}}