{"id":7938,"date":"2018-03-16T00:00:00","date_gmt":"2018-03-15T23:00:00","guid":{"rendered":"https:\/\/histoire-en-citations.fr\/WP\/2025\/06\/26\/galliffet-cest-une-guerre-sans-treve-ni-pitie-que-je-declare-a-ces-assassins-2\/"},"modified":"2025-07-19T09:14:16","modified_gmt":"2025-07-19T07:14:16","slug":"galliffet-cest-une-guerre-sans-treve-ni-pitie-que-je-declare-a-ces-assassins-2","status":"publish","type":"post","link":"https:\/\/histoire-en-citations.fr\/WP\/galliffet-cest-une-guerre-sans-treve-ni-pitie-que-je-declare-a-ces-assassins-2\/","title":{"rendered":"Galliffet : \u00ab C\u2019est une guerre sans tr\u00eave ni piti\u00e9 que je d\u00e9clare \u00e0 ces assassins.\u00a0\u00bb"},"content":{"rendered":"<div class=\"field-item even\">\n<p>\u00a0<\/p>\n<h4>Troisi\u00e8me R\u00e9publique<\/h4>\n<p><strong>La Commune gouverne Paris<\/strong><\/p>\n<div class=\"encart\">\n<p>La Commune ne fait pas que se d\u00e9fendre et attaquer. Elle gouverne Paris et prend des mesures importantes, qui pr\u00e9figurent l\u2019\u0153uvre de la Troisi\u00e8me R\u00e9publique. Mais les divergences politiques \u00e9clatent, et Thiers continue de masser des troupes autour de Paris.<\/p>\n<\/div>\n<p><em>Les commentaires sont all\u00e9g\u00e9s, les coupes signal\u00e9es (\u2026) <a href=\"https:\/\/www.histoire-en-citations.fr\/boutique\" target=\"_blank\">Retrouvez l\u2019int\u00e9gralit\u00e9 dans nos Chroniques de l\u2019Histoire en citations<\/a>.<\/em><\/p>\n<blockquote>\n<p class=\"citation-small\">\u00ab\u00a0C\u2019est une guerre sans tr\u00eave ni piti\u00e9 que je d\u00e9clare \u00e0 ces assassins.\u00a0\u00bb<span id=\"2366\" class=\"cit-num\">2366<\/span><\/p>\n<p class=\"auteur\">Gaston de <span class=\"caps\">GALLIFFET<\/span> (1830 ou 1831-1909), 3 avril 1871. <em>Histoire socialiste, 1789-1900<\/em>, volume <span class=\"caps\">XI<\/span>, <em>La Commune<\/em>, Louis Dubreuilh, sous la direction de Jean Jaur\u00e8s (1908)<\/p>\n<\/blockquote>\n<p>Galliffet a fait fusiller sans jugement 5 F\u00e9d\u00e9r\u00e9s prisonniers. \u00ab\u00a0J\u2019ai d\u00fb faire un exemple ce matin\u00a0; je d\u00e9sire ne pas \u00eatre r\u00e9duit de nouveau \u00e0 une pareille extr\u00e9mit\u00e9. N\u2019oubliez pas que le pays, que la loi, que le droit par cons\u00e9quent sont \u00e0 Versailles et \u00e0 l\u2019Assembl\u00e9e nationale, et non pas avec la grotesque assembl\u00e9e de Paris, qui s\u2019intitule Commune.\u00a0\u00bb<\/p>\n<p>Sa f\u00e9rocit\u00e9 lui vaudra le surnom de \u00ab\u00a0Marquis aux talons rouges\u00a0\u00bb, ou \u00ab\u00a0massacreur de la Commune\u00a0\u00bb (\u2026)<\/p>\n<blockquote>\n<p class=\"citation-small\">\u00ab\u00a0J\u2019ai vu des prisonniers sanglants, les oreilles arrach\u00e9es, le visage et le cou d\u00e9chir\u00e9s, comme par des griffes de b\u00eates f\u00e9roces.\u00a0\u00bb<span id=\"2367\" class=\"cit-num\">2367<\/span><\/p>\n<p class=\"auteur\">Camille <span class=\"caps\">BARR\u00c8RE<\/span> (1851-1940), t\u00e9moignage en date du 3 avril 1871. <em>Les Convulsions de Paris\u00a0: \u00c9pisodes de la commune<\/em> (1883), Maxime Du Camp<\/p>\n<\/blockquote>\n<p>(\u2026) Le 4 avril, les Versaillais r\u00e9attaquent du c\u00f4t\u00e9 de Neuilly, s\u2019emparent de Courbevoie et Ch\u00e2tillon. Le 5, les Communards prennent 74 otages, dont l\u2019archev\u00eaque de Paris \u2013 Mgr Darboy sera ex\u00e9cut\u00e9 pendant la Semaine sanglante, le 24 mai, en application du \u00ab\u00a0d\u00e9cret des otages\u00a0\u00bb promulgu\u00e9 par la Commune et faute d\u2019avoir pu \u00eatre \u00e9chang\u00e9 contre Auguste Blanqui. George Sand, bien que souvent le c\u0153ur \u00e0 gauche, est d\u00e9j\u00e0 horrifi\u00e9e par les vols, les pillages. Hugo, de Bruxelles o\u00f9 il d\u00fbt se rendre en ce mois d\u2019avril, condamne la guerre civile, la pratique des otages, avant de se d\u00e9clarer \u00ab\u00a0pour la Commune en principe, et contre la Commune dans l\u2019application\u00a0\u00bb, pr\u00f4nant en vain \u00ab\u00a0conciliation et r\u00e9conciliation\u00a0\u00bb dans une lettre publi\u00e9e dans <em>Le Rappel<\/em> du 28 avril.<\/p>\n<blockquote>\n<p class=\"citation-small\">\u00ab\u00a0Monsieur Thiers, tous les matins, annonce que d\u00e8s le soir, entre les neuf heures, neuf heures un quart, il fera son entr\u00e9e dans la capitale sauvage du monde civilis\u00e9.\u00a0\u00bb<span id=\"2368\" class=\"cit-num\">2368<\/span><\/p>\n<p class=\"auteur\">Henri <span class=\"caps\">ROCHEFORT<\/span> (1831-1913), Le Mot d\u2019ordre, 16 avril 1871. <em>Les Damn\u00e9s de la terre<\/em> (1969), Maurice Choury<\/p>\n<\/blockquote>\n<p>Thiers amasse des troupes aux portes de Paris pour \u00e9craser la r\u00e9volution, mais il attend encore son heure. Rochefort, journaliste d\u00e9j\u00e0 r\u00e9publicain sous l\u2019Empire, a pris parti pour la Commune.<\/p>\n<blockquote>\n<p class=\"citation-small\">\u00ab\u00a0Nous avons la mission d\u2019accomplir la r\u00e9volution moderne la plus large et la plus f\u00e9conde de toutes celles qui ont illumin\u00e9 l\u2019histoire.\u00a0\u00bb<span id=\"2369\" class=\"cit-num\">2369<\/span><\/p>\n<p class=\"auteur\">La Commune, D\u00e9claration au peuple fran\u00e7ais, 19 avril 1871. <em>Enqu\u00eate parlementaire sur l\u2019insurrection du 18 mars<\/em> (1872), Commission d\u2019enqu\u00eate sur l\u2019insurrection du 18 mars, comte Napol\u00e9on Daru<\/p>\n<\/blockquote>\n<p>La Commune ne fait pas que se d\u00e9fendre et attaquer. Elle gouverne Paris et prend des mesures importantes, qui pr\u00e9figurent l\u2019\u0153uvre de la Troisi\u00e8me R\u00e9publique\u00a0: s\u00e9paration des \u00c9glises et de l\u2019\u00c9tat, instruction la\u00efque, gratuite et obligatoire en projet. Elle est socialiste quand elle \u00ab\u00a0communalise\u00a0\u00bb par d\u00e9cret du 16 avril les ateliers abandonn\u00e9s par les fabricants en fuite, pour en donner la gestion \u00e0 des coop\u00e9ratives form\u00e9es par les Chambres syndicales ouvri\u00e8res (\u2026)<\/p>\n<blockquote>\n<p class=\"citation-small\">\u00ab\u00a0Il y aura quelques maisons de trou\u00e9es, quelques personnes de tu\u00e9es, mais force restera \u00e0 la loi.\u00a0\u00bb<span id=\"2370\" class=\"cit-num\">2370<\/span><\/p>\n<p class=\"auteur\">Adolphe <span class=\"caps\">THIERS<\/span> (1797-1877), R\u00e9ponse \u00e0 une d\u00e9l\u00e9gation ma\u00e7onnique, 22 avril 1871. <em>Le Coq rouge\u00a0: une histoire de la Commune de Paris<\/em> (1972), Armand Lanoux<\/p>\n<\/blockquote>\n<p>Thiers continue de masser des troupes et de prendre des positions strat\u00e9giques dans la banlieue, cependant que l\u2019organisation militaire de Paris se r\u00e9v\u00e8le une t\u00e2che irr\u00e9alisable. Le \u00ab\u00a0d\u00e9l\u00e9gu\u00e9 \u00e0 la Guerre\u00a0\u00bb Gustave Cluseret est remplac\u00e9 le 1er mai par Louis Rossel, colonel de 27 ans \u2013 au lendemain des d\u00e9faites de l\u2019arm\u00e9e fran\u00e7aise et de la capitulation, il a pris parti pour la Commune (il sera fusill\u00e9). Il d\u00e9missionne le 10 mai, remplac\u00e9 par Charles Delescluze, bient\u00f4t tu\u00e9 au combat (\u2026)<\/p>\n<blockquote>\n<p class=\"citation-small\">\u00ab\u00a0Il s\u2019agit aujourd\u2019hui non plus de couper les t\u00eates, mais d\u2019ouvrir les intelligences.\u00a0\u00bb<span id=\"2371\" class=\"cit-num\">2371<\/span><\/p>\n<p class=\"auteur\">Henri <span class=\"caps\">ROCHEFORT<\/span> (1831-1913), <em>Le Mot d\u2019ordre<\/em>, 5 mai 1871. <em>La T\u00eate coup\u00e9e, ou La Parole coup\u00e9e<\/em> (1991), Arnaud Aaron Upinsky<\/p>\n<\/blockquote>\n<p>Les divergences politiques \u00e9clatent\u00a0: ainsi \u00e0 l\u2019occasion du d\u00e9cret instituant le 1er mai un Comit\u00e9 de salut public dot\u00e9 de larges pouvoirs. Les (n\u00e9o)jacobins et la plupart des blanquistes, majoritaires, sont pour et s\u2019opposent \u00e0 quelques blanquistes, tous les proudhoniens et certains socialistes proches du marxisme (\u2026)<\/p>\n<\/div>\n<style>\r\n        a .cit-num {\r\n            text-decoration: none !important;\r\n            color: inherit !important;\r\n        }\r\n    <\/style>","protected":false},"excerpt":{"rendered":"<p>\u00a0 Troisi\u00e8me R\u00e9publique La Commune gouverne Paris La Commune ne fait pas que se d\u00e9fendre et attaquer. Elle gouverne Paris et prend des mesures importantes, qui pr\u00e9figurent l\u2019\u0153uvre de la Troisi\u00e8me R\u00e9publique. Mais les divergences politiques \u00e9clatent, et Thiers continue de masser des troupes autour de Paris. Les commentaires sont all\u00e9g\u00e9s, les coupes signal\u00e9es (&#8230;) [&#8230;]<\/p>\n","protected":false},"author":1,"featured_media":0,"comment_status":"open","ping_status":"open","sticky":false,"template":"","format":"standard","meta":{"site-sidebar-layout":"default","site-content-layout":"","ast-site-content-layout":"default","site-content-style":"default","site-sidebar-style":"default","ast-global-header-display":"","ast-banner-title-visibility":"","ast-main-header-display":"","ast-hfb-above-header-display":"","ast-hfb-below-header-display":"","ast-hfb-mobile-header-display":"","site-post-title":"","ast-breadcrumbs-content":"","ast-featured-img":"","footer-sml-layout":"","theme-transparent-header-meta":"","adv-header-id-meta":"","stick-header-meta":"","header-above-stick-meta":"","header-main-stick-meta":"","header-below-stick-meta":"","astra-migrate-meta-layouts":"default","ast-page-background-enabled":"default","ast-page-background-meta":{"desktop":{"background-color":"var(--ast-global-color-5)","background-image":"","background-repeat":"repeat","background-position":"center center","background-size":"auto","background-attachment":"scroll","background-type":"","background-media":"","overlay-type":"","overlay-color":"","overlay-opacity":"","overlay-gradient":""},"tablet":{"background-color":"","background-image":"","background-repeat":"repeat","background-position":"center center","background-size":"auto","background-attachment":"scroll","background-type":"","background-media":"","overlay-type":"","overlay-color":"","overlay-opacity":"","overlay-gradient":""},"mobile":{"background-color":"","background-image":"","background-repeat":"repeat","background-position":"center center","background-size":"auto","background-attachment":"scroll","background-type":"","background-media":"","overlay-type":"","overlay-color":"","overlay-opacity":"","overlay-gradient":""}},"ast-content-background-meta":{"desktop":{"background-color":"var(--ast-global-color-4)","background-image":"","background-repeat":"repeat","background-position":"center center","background-size":"auto","background-attachment":"scroll","background-type":"","background-media":"","overlay-type":"","overlay-color":"","overlay-opacity":"","overlay-gradient":""},"tablet":{"background-color":"var(--ast-global-color-4)","background-image":"","background-repeat":"repeat","background-position":"center center","background-size":"auto","background-attachment":"scroll","background-type":"","background-media":"","overlay-type":"","overlay-color":"","overlay-opacity":"","overlay-gradient":""},"mobile":{"background-color":"var(--ast-global-color-4)","background-image":"","background-repeat":"repeat","background-position":"center center","background-size":"auto","background-attachment":"scroll","background-type":"","background-media":"","overlay-type":"","overlay-color":"","overlay-opacity":"","overlay-gradient":""}},"iawp_total_views":3,"footnotes":""},"categories":[1984],"tags":[],"class_list":["post-7938","post","type-post","status-publish","format-standard","hentry","category-chronique-citation-du-jour-general-de-galliffet-troisieme-republique"],"_links":{"self":[{"href":"https:\/\/histoire-en-citations.fr\/WP\/wp-json\/wp\/v2\/posts\/7938","targetHints":{"allow":["GET"]}}],"collection":[{"href":"https:\/\/histoire-en-citations.fr\/WP\/wp-json\/wp\/v2\/posts"}],"about":[{"href":"https:\/\/histoire-en-citations.fr\/WP\/wp-json\/wp\/v2\/types\/post"}],"author":[{"embeddable":true,"href":"https:\/\/histoire-en-citations.fr\/WP\/wp-json\/wp\/v2\/users\/1"}],"replies":[{"embeddable":true,"href":"https:\/\/histoire-en-citations.fr\/WP\/wp-json\/wp\/v2\/comments?post=7938"}],"version-history":[{"count":1,"href":"https:\/\/histoire-en-citations.fr\/WP\/wp-json\/wp\/v2\/posts\/7938\/revisions"}],"predecessor-version":[{"id":7939,"href":"https:\/\/histoire-en-citations.fr\/WP\/wp-json\/wp\/v2\/posts\/7938\/revisions\/7939"}],"wp:attachment":[{"href":"https:\/\/histoire-en-citations.fr\/WP\/wp-json\/wp\/v2\/media?parent=7938"}],"wp:term":[{"taxonomy":"category","embeddable":true,"href":"https:\/\/histoire-en-citations.fr\/WP\/wp-json\/wp\/v2\/categories?post=7938"},{"taxonomy":"post_tag","embeddable":true,"href":"https:\/\/histoire-en-citations.fr\/WP\/wp-json\/wp\/v2\/tags?post=7938"}],"curies":[{"name":"wp","href":"https:\/\/api.w.org\/{rel}","templated":true}]}}