{"id":7952,"date":"2019-11-29T00:00:00","date_gmt":"2019-11-28T23:00:00","guid":{"rendered":"https:\/\/histoire-en-citations.fr\/WP\/2025\/06\/26\/boulanger-dissolution-revision-constituante\/"},"modified":"2025-08-12T08:43:38","modified_gmt":"2025-08-12T06:43:38","slug":"boulanger-dissolution-revision-constituante","status":"publish","type":"post","link":"https:\/\/histoire-en-citations.fr\/WP\/boulanger-dissolution-revision-constituante\/","title":{"rendered":"Boulanger : \u00ab Dissolution, R\u00e9vision, Constituante. \u00bb"},"content":{"rendered":"<div class=\"field-item even\">\n<p>\u00a0<\/p>\n<h4>Troisi\u00e8me R\u00e9publique<\/h4>\n<p><strong>La fi\u00e8vre boulangiste<\/strong><\/p>\n<div class=\"encart\">\n<p>Le scandale des d\u00e9corations \u00e0 l\u2019\u00c9lys\u00e9e a transform\u00e9 la vague de sentimentalit\u00e9 populaire en mouvement politique\u00a0: le boulangisme, devenu \u00ab\u00a0syndicat des m\u00e9contents\u00a0\u00bb, hostile aux (r\u00e9publicains) opportunistes au pouvoir, menace le r\u00e9gime parlementaire. Il rassemble des radicaux qui veulent depuis toujours la r\u00e9vision de la Constitution (Rochefort, Naquet), des patriotes de droite qui ne r\u00eavent que revanche (D\u00e9roul\u00e8de), mais aussi des royalistes et des bonapartistes. Mais l\u2019aventure tourne court pour Boulanger, qui n\u2019a jamais vraiment menac\u00e9 les institutions.<\/p>\n<\/div>\n<p><em>Les commentaires sont all\u00e9g\u00e9s, les coupes signal\u00e9es (\u2026) <a href=\"https:\/\/histoire-en-citations.fr\/WP\/boutique\/\" target=\"_blank\">Retrouvez l\u2019int\u00e9gralit\u00e9 dans nos Chroniques de l\u2019Histoire en citations<\/a>.<\/em><\/p>\n<blockquote>\n<p class=\"citation citation-small\"><span class=\"enonce\">\u00ab\u00a0Dissolution, R\u00e9vision, Constituante.\u00a0\u00bb<span id=\"2492\" class=\"cit-num\">2492<\/span><\/span><\/p>\n<p class=\"auteur\"><span data-href=\"\/auteurs\/general-boulanger\"><span class=\"author\"><span class=\"surname\">G\u00e9n\u00e9ral <\/span><span class=\"name\"><span class=\"caps\">BOULANGER<\/span><\/span><\/span><\/span> (1837-1891), Mot d\u2019ordre de sa campagne \u00e9lectorale, printemps 1888<\/p>\n<p class=\"source\"><cite>Histoire politique de l\u2019Europe contemporaine<\/cite> (1897), Charles Seignobos.<\/p>\n<\/blockquote>\n<p class=\"ressi\">Le scandale des d\u00e9corations \u00e0 l\u2019\u00c9lys\u00e9e a transform\u00e9 la vague de sentimentalit\u00e9 populaire en mouvement politique\u00a0: le boulangisme, devenu \u00ab\u00a0syndicat des m\u00e9contents\u00a0\u00bb, hostile aux (r\u00e9publicains) opportunistes au pouvoir, menace le r\u00e9gime parlementaire (\u2026)<\/p>\n<p>Boulanger se pose en champion d\u2019une R\u00e9publique nouvelle, et cr\u00e9e son Parti r\u00e9publicain national. Mais Clemenceau se m\u00e9fie, voyant poindre un nouveau Bonaparte, et Charles Floquet, pr\u00e9sident du Conseil, dans son discours \u00e0 la Chambre du 19\u00a0avril 1888, qualifie le g\u00e9n\u00e9ral Boulanger de \u00ab\u00a0manteau trou\u00e9 de la dictature\u00a0\u00bb, avant de le blesser dans un duel \u00e0 l\u2019\u00e9p\u00e9e, le 13\u00a0juillet.<\/p>\n<blockquote>\n<p class=\"citation-small\">\u00ab\u00a0La R\u00e9publique, il ne faut pas se le dissimuler, est profond\u00e9ment atteinte.\u00a0\u00bb<span id=\"2493\" class=\"cit-num\">2493<\/span><\/p>\n<p class=\"auteur\">Jules <span class=\"caps\">FERRY<\/span> (1832-1893), \u00e9t\u00e9 1888. <em>Troisi\u00e8me R\u00e9publique<\/em> (1952), Jacques Chastenet<\/p>\n<\/blockquote>\n<p>Dans une lettre \u00e0 sa femme, il d\u00e9plore le triomphe remport\u00e9 par Boulanger dans plusieurs \u00e9lections entre avril et ao\u00fbt\u00a0: \u00ab\u00a0Les chiffres de notre d\u00e9faite sont formidables et la R\u00e9publique\u2026\u00a0\u00bb Utilisant avec astuce le syst\u00e8me \u00e9lectoral (qui sera r\u00e9form\u00e9 par la suite), Boulanger pose sa candidature \u00e0 chaque partielle, est \u00e9lu, d\u00e9missionne et recommence dans un autre d\u00e9partement, de sorte qu\u2019il se retrouve comme pl\u00e9biscit\u00e9 dans diverses r\u00e9gions de France.<\/p>\n<blockquote>\n<p class=\"citation-small\">\u00ab\u00a0La science n\u2019a pas de patrie.\u00a0\u00bb<span id=\"2494\" class=\"cit-num\">2494<\/span><\/p>\n<p class=\"auteur\">Louis <span class=\"caps\">PASTEUR<\/span> (1822-1895), Discours pour l\u2019inauguration de l\u2019Institut Pasteur, 14 novembre 1888. <em>La Vie de Pasteur<\/em> (1907), Ren\u00e9 Vallery-Radot. (Premi\u00e8re biographie du grand savant, \u00e9crite par son gendre.)<\/p>\n<\/blockquote>\n<p>La Troisi\u00e8me R\u00e9publique ne se r\u00e9sume pas en crises, affaires, scandales. C\u2019est aussi le temps des grands savants pour la France, qui se retrouve en bonne place dans le monde, avec des hommes tels que Louis Pasteur (microbiologie, vaccins), Marcellin Berthelot (chimie de synth\u00e8se, thermochimie), Claude Bernard (physiologie, m\u00e9decine exp\u00e9rimentale) (\u2026)<\/p>\n<blockquote>\n<p class=\"citation-small\">\u00ab\u00a0Puisqu\u2019il y a une b\u00eatise \u00e0 faire, la Ville Lumi\u00e8re la fera\u00a0!\u00a0\u00bb<span id=\"2495\" class=\"cit-num\">2495<\/span><\/p>\n<p class=\"auteur\">Jules <span class=\"caps\">SIMON<\/span> (1814-1896), <em>Souviens-toi du Deux-d\u00e9cembre<\/em> (1889)<\/p>\n<\/blockquote>\n<p>R\u00e9publicain hostile au boulangisme, il voit venir les ennuis, d\u00e8s l\u2019automne 1888. De fait, Boulanger triomphe \u00e0 Paris, \u00e0 l\u2019occasion d\u2019une nouvelle partielle, le 27 janvier 1889\u00a0: 245 000 voix contre 162 000 au radical \u00c9douard Jacques.<\/p>\n<p>La foule et certains de ses amis le poussent \u00e0 s\u2019emparer du pouvoir par un coup d\u2019\u00c9tat. C\u2019est aussi l\u2019ardent d\u00e9sir de Paul D\u00e9roul\u00e8de, \u00e0 la t\u00eate de sa Ligue des patriotes.<\/p>\n<blockquote>\n<p class=\"citation-small\">\u00ab\u00a0Pourquoi voulez-vous que j\u2019aille conqu\u00e9rir ill\u00e9galement le pouvoir quand je suis s\u00fbr d\u2019y \u00eatre port\u00e9 dans six mois par l\u2019unanimit\u00e9 de la France\u00a0?\u00a0\u00bb<span id=\"2496\" class=\"cit-num\">2496<\/span><\/p>\n<p class=\"auteur\">G\u00e9n\u00e9ral <span class=\"caps\">BOULANGER<\/span> (1837-1891), r\u00e9ponse aux manifestants, 27 janvier 1889. <em>Histoire de la Troisi\u00e8me R\u00e9publique<\/em>, volume <span class=\"caps\">II<\/span> (1963), Jacques Chastenet<\/p>\n<\/blockquote>\n<p>C\u2019est sa r\u00e9ponse aux manifestants qui lui crient\u00a0: \u00ab\u00a0\u00c0 l\u2019\u00c9lys\u00e9e\u00a0!\u00a0\u00bb et marchent vers le palais o\u00f9 le pr\u00e9sident Carnot fait d\u00e9j\u00e0 ses malles\u00a0! Boulanger choisit la l\u00e9galit\u00e9 ce 27 janvier 1889, il choisit aussi d\u2019\u00e9couter les conseils de Marguerite de Bonnemains, ma\u00eetresse passionn\u00e9ment aim\u00e9e (\u2026) Cela laisse le temps au gouvernement de r\u00e9agir\u00a0: le ministre de l\u2019Int\u00e9rieur, Ernest Constans, l\u2019accuse de complot contre l\u2019\u00c9tat. Craignant d\u2019\u00eatre arr\u00eat\u00e9, il fuit en Belgique. Son prestige s\u2019effondre. Le boulangisme a v\u00e9cu (\u2026)<\/p>\n<blockquote>\n<p class=\"citation-small\">\u00ab\u00a0La tour Eiffel, t\u00e9moignage d\u2019imb\u00e9cillit\u00e9, de mauvais go\u00fbt et de niaise arrogance, s\u2019\u00e9l\u00e8ve expr\u00e8s pour proclamer cela jusqu\u2019au ciel. C\u2019est le monument-symbole de la France industrialis\u00e9e\u00a0; il a pour mission d\u2019\u00eatre insolent et b\u00eate comme la vie moderne et d\u2019\u00e9craser de sa hauteur stupide tout ce qui a \u00e9t\u00e9 le Paris de nos p\u00e8res, le Paris de nos souvenirs, les vieilles maisons et les \u00e9glises, Notre-Dame et l\u2019Arc de Triomphe, la pri\u00e8re et la gloire.\u00a0\u00bb<span id=\"2497\" class=\"cit-num\">2497<\/span><\/p>\n<p class=\"auteur\">\u00c9douard <span class=\"caps\">DRUMONT<\/span> (1844-1917), <em>La Fin du monde<\/em> (1889)<\/p>\n<\/blockquote>\n<p><em>Mon vieux Paris<\/em> (1878), premier livre qui le fait conna\u00eetre, d\u00e9borde de nostalgie pour cette capitale o\u00f9 il est n\u00e9 et qui a tant chang\u00e9, depuis le Second Empire et les travaux d\u2019Haussmann. \u00c9crivain et journaliste, il reste surtout connu comme pol\u00e9miste d\u2019extr\u00eame droite.<\/p>\n<blockquote>\n<p class=\"citation-small\">\u00ab\u00a0Sa tour ressemble \u00e0 un tuyau d\u2019usine en construction, \u00e0 une carcasse qui attend d\u2019\u00eatre remplie par des pierres de taille ou des briques. On ne peut se figurer que ce grillage infundibuliforme soit achev\u00e9, que ce suppositoire solitaire et cribl\u00e9 de trous restera tel.\u00a0\u00bb<span id=\"2498\" class=\"cit-num\">2498<\/span><\/p>\n<p class=\"auteur\">Joris-Karl <span class=\"caps\">HUYSMANS<\/span> (1848-1907), \u00e9voquant Eiffel et sa Tour, <em>\u00c9crits sur l\u2019art \u2013 Certains<\/em> (1894)<\/p>\n<\/blockquote>\n<p>Le monument est inaugur\u00e9 le 6 mai 1889, pour la nouvelle Exposition universelle et le centenaire de la R\u00e9volution de 1789. Trois cents personnalit\u00e9s ont \u00e9crit pour protester contre la construction de la tour Eiffel, encore plus attaqu\u00e9e en son temps que le Centre Beaubourg de Renzo Piano (\u2026)<\/p>\n<blockquote>\n<p class=\"citation-small\">\u00ab\u00a0Il est mort comme il a v\u00e9cu\u00a0: en sous-lieutenant.\u00a0\u00bb<span id=\"2499\" class=\"cit-num\">2499<\/span><\/p>\n<p class=\"auteur\">Georges <span class=\"caps\">CLEMENCEAU<\/span> (1841-1929), apprenant le suicide du g\u00e9n\u00e9ral Boulanger sur la tombe de sa ma\u00eetresse \u00e0 Ixelles (Belgique), le 30 septembre 1891. <em>Histoire de la France<\/em> (1947), Andr\u00e9 Maurois<\/p>\n<\/blockquote>\n<p>L\u2019\u00e9pitaphe est cinglante, mais la fin du \u00ab\u00a0Brave G\u00e9n\u00e9ral\u00a0\u00bb qui fit trembler la R\u00e9publique est un fait divers pitoyable.<\/p>\n<p>Le gouvernement a r\u00e9agi apr\u00e8s ce qui aurait tourn\u00e9 au coup d\u2019\u00c9tat, si Boulanger avait os\u00e9\u00a0! Accus\u00e9 de complot contre l\u2019\u00c9tat, craignant d\u2019\u00eatre arr\u00eat\u00e9, il s\u2019est enfui le 1er avril 1889, \u00e0 Londres, puis \u00e0 Bruxelles, avec sa ma\u00eetresse (de m\u00e8che avec la police). Son prestige s\u2019effondre aussit\u00f4t. Le 14 ao\u00fbt, le S\u00e9nat, r\u00e9uni en Haute Cour de justice, le condamne par contumace \u00e0 la d\u00e9portation. Mme de Bonnemains meurt du mal du si\u00e8cle (la phtisie), le 16 juillet 1891. Sur sa tombe, toujours fou d\u2019amour, le g\u00e9n\u00e9ral Boulanger fait graver ces mots\u00a0: \u00ab\u00a0Marguerite\u2026 \u00e0 bient\u00f4t\u00a0\u00bb (\u2026)<\/p>\n<blockquote>\n<p class=\"citation-small\">\u00ab\u00a0Parlez-nous de lui, grand-m\u00e8re,<br>Grand-m\u00e8re, parlez-nous de lui\u00a0!\u00a0\u00bb<span id=\"2500\" class=\"cit-num\">2500<\/span><\/p>\n<p class=\"auteur\">Maurice <span class=\"caps\">MAC<\/span>\u2013<span class=\"caps\">NAB<\/span> (1856-1889), <em>Les Souvenirs du populo<\/em>, chanson.<em> Chansons du chat noir<\/em> (1890), Camille Baron, Maurice Mac-Nab<\/p>\n<\/blockquote>\n<p>Parodie de la c\u00e9l\u00e8bre chanson de B\u00e9ranger, comme si Bonaparte et Boulanger \u00e9taient \u00e9galement sensibles au c\u0153ur du peuple\u00a0: \u00ab\u00a0Devant la photographie \/ D\u2019un militaire \u00e0 cheval \/ En habit de g\u00e9n\u00e9ral \/ Songeait une femme attendrie. \/ Ses quatre petits-enfants \/ Disaient \u201cQuel est donc cet homme\u00a0?\u201d \/ \u201cMes fils, ce fut dans le temps \/ Un brave g\u00e9n\u00e9ral comme \/ On n\u2019en voit plus aujourd\u2019hui \/ Son image m\u2019est bien ch\u00e8re\u00a0!\u201d\u00a0\u00bb Le ph\u00e9nom\u00e8ne Boulanger aura dur\u00e9 trois ans. Mais le nationalisme revanchard va lui survivre dans les milieux de droite.<\/p>\n<\/div>\n<style>\r\n        a .cit-num {\r\n            text-decoration: none !important;\r\n            color: inherit !important;\r\n        }\r\n    <\/style>","protected":false},"excerpt":{"rendered":"<p>\u00a0 Troisi\u00e8me R\u00e9publique La fi\u00e8vre boulangiste Le scandale des d\u00e9corations \u00e0 l\u2019\u00c9lys\u00e9e a transform\u00e9 la vague de sentimentalit\u00e9 populaire en mouvement politique&nbsp;: le boulangisme, devenu \u00ab\u00a0syndicat des m\u00e9contents\u00a0\u00bb, hostile aux (r\u00e9publicains) opportunistes au pouvoir, menace le r\u00e9gime parlementaire. Il rassemble des radicaux qui veulent depuis toujours la r\u00e9vision de la Constitution (Rochefort, Naquet), des patriotes [&#8230;]<\/p>\n","protected":false},"author":1,"featured_media":0,"comment_status":"open","ping_status":"open","sticky":false,"template":"","format":"standard","meta":{"site-sidebar-layout":"default","site-content-layout":"","ast-site-content-layout":"default","site-content-style":"default","site-sidebar-style":"default","ast-global-header-display":"","ast-banner-title-visibility":"","ast-main-header-display":"","ast-hfb-above-header-display":"","ast-hfb-below-header-display":"","ast-hfb-mobile-header-display":"","site-post-title":"","ast-breadcrumbs-content":"","ast-featured-img":"","footer-sml-layout":"","theme-transparent-header-meta":"","adv-header-id-meta":"","stick-header-meta":"","header-above-stick-meta":"","header-main-stick-meta":"","header-below-stick-meta":"","astra-migrate-meta-layouts":"default","ast-page-background-enabled":"default","ast-page-background-meta":{"desktop":{"background-color":"var(--ast-global-color-5)","background-image":"","background-repeat":"repeat","background-position":"center center","background-size":"auto","background-attachment":"scroll","background-type":"","background-media":"","overlay-type":"","overlay-color":"","overlay-opacity":"","overlay-gradient":""},"tablet":{"background-color":"","background-image":"","background-repeat":"repeat","background-position":"center center","background-size":"auto","background-attachment":"scroll","background-type":"","background-media":"","overlay-type":"","overlay-color":"","overlay-opacity":"","overlay-gradient":""},"mobile":{"background-color":"","background-image":"","background-repeat":"repeat","background-position":"center center","background-size":"auto","background-attachment":"scroll","background-type":"","background-media":"","overlay-type":"","overlay-color":"","overlay-opacity":"","overlay-gradient":""}},"ast-content-background-meta":{"desktop":{"background-color":"var(--ast-global-color-4)","background-image":"","background-repeat":"repeat","background-position":"center center","background-size":"auto","background-attachment":"scroll","background-type":"","background-media":"","overlay-type":"","overlay-color":"","overlay-opacity":"","overlay-gradient":""},"tablet":{"background-color":"var(--ast-global-color-4)","background-image":"","background-repeat":"repeat","background-position":"center center","background-size":"auto","background-attachment":"scroll","background-type":"","background-media":"","overlay-type":"","overlay-color":"","overlay-opacity":"","overlay-gradient":""},"mobile":{"background-color":"var(--ast-global-color-4)","background-image":"","background-repeat":"repeat","background-position":"center center","background-size":"auto","background-attachment":"scroll","background-type":"","background-media":"","overlay-type":"","overlay-color":"","overlay-opacity":"","overlay-gradient":""}},"iawp_total_views":35,"footnotes":""},"categories":[245,7,1348,564],"tags":[],"class_list":["post-7952","post","type-post","status-publish","format-standard","hentry","category-chronique","category-chronique-du-jour","category-general-boulanger","category-troisieme-republique"],"_links":{"self":[{"href":"https:\/\/histoire-en-citations.fr\/WP\/wp-json\/wp\/v2\/posts\/7952","targetHints":{"allow":["GET"]}}],"collection":[{"href":"https:\/\/histoire-en-citations.fr\/WP\/wp-json\/wp\/v2\/posts"}],"about":[{"href":"https:\/\/histoire-en-citations.fr\/WP\/wp-json\/wp\/v2\/types\/post"}],"author":[{"embeddable":true,"href":"https:\/\/histoire-en-citations.fr\/WP\/wp-json\/wp\/v2\/users\/1"}],"replies":[{"embeddable":true,"href":"https:\/\/histoire-en-citations.fr\/WP\/wp-json\/wp\/v2\/comments?post=7952"}],"version-history":[{"count":2,"href":"https:\/\/histoire-en-citations.fr\/WP\/wp-json\/wp\/v2\/posts\/7952\/revisions"}],"predecessor-version":[{"id":12825,"href":"https:\/\/histoire-en-citations.fr\/WP\/wp-json\/wp\/v2\/posts\/7952\/revisions\/12825"}],"wp:attachment":[{"href":"https:\/\/histoire-en-citations.fr\/WP\/wp-json\/wp\/v2\/media?parent=7952"}],"wp:term":[{"taxonomy":"category","embeddable":true,"href":"https:\/\/histoire-en-citations.fr\/WP\/wp-json\/wp\/v2\/categories?post=7952"},{"taxonomy":"post_tag","embeddable":true,"href":"https:\/\/histoire-en-citations.fr\/WP\/wp-json\/wp\/v2\/tags?post=7952"}],"curies":[{"name":"wp","href":"https:\/\/api.w.org\/{rel}","templated":true}]}}