{"id":7956,"date":"2019-11-27T00:00:00","date_gmt":"2019-11-26T23:00:00","guid":{"rendered":"https:\/\/histoire-en-citations.fr\/WP\/2025\/06\/26\/jules-ferry-devrons-nous-acculer-la-politique-francaise-dans-une-impasse-les-yeux-fixes-sur-la-ligne-bleue-des-vosges\/"},"modified":"2025-08-12T08:43:38","modified_gmt":"2025-08-12T06:43:38","slug":"jules-ferry-devrons-nous-acculer-la-politique-francaise-dans-une-impasse-les-yeux-fixes-sur-la-ligne-bleue-des-vosges","status":"publish","type":"post","link":"https:\/\/histoire-en-citations.fr\/WP\/jules-ferry-devrons-nous-acculer-la-politique-francaise-dans-une-impasse-les-yeux-fixes-sur-la-ligne-bleue-des-vosges\/","title":{"rendered":"Jules Ferry : \u00ab Devrons-nous acculer la politique fran\u00e7aise dans une impasse (&#8230;) les yeux fix\u00e9s sur la ligne bleue des Vosges ? \u00bb"},"content":{"rendered":"<div class=\"field-item even\">\n<p>\u00a0<\/p>\n<h4>Troisi\u00e8me R\u00e9publique<\/h4>\n<p><strong>L\u2019expansion coloniale de la France<\/strong><\/p>\n<div class=\"encart\">\n<p>L\u2019empire colonial s\u2019agrandit (Extr\u00eame-Orient, Afrique du Nord, Afrique noire, Madagascar), ce qui provoque des d\u00e9bats \u00e0 l\u2019Assembl\u00e9e\u00a0: faut-il poursuivre l\u2019aventure coloniale, ou concentrer les forces disponibles pour pr\u00e9parer la revanche\u00a0? Jules Ferry, fervent partisan de la colonisation, est aussi le p\u00e8re des grandes lois scolaires, pour \u00e9clairer les t\u00eates, comme le disait Victor Hugo qui s\u2019\u00e9teint et entre au Panth\u00e9on.<\/p>\n<\/div>\n<p><em>Les commentaires sont all\u00e9g\u00e9s, les coupes signal\u00e9es (\u2026) <a href=\"https:\/\/histoire-en-citations.fr\/WP\/boutique\/\" target=\"_blank\">Retrouvez l\u2019int\u00e9gralit\u00e9 dans nos Chroniques de l\u2019Histoire en citations<\/a>.<\/em><\/p>\n<blockquote>\n<p class=\"citation citation-small\"><span class=\"enonce\">\u00ab\u00a0Au nom d\u2019un chauvinisme exalt\u00e9, devrons-nous acculer la politique fran\u00e7aise dans une impasse et, les yeux fix\u00e9s sur la ligne bleue des Vosges, laisser tout faire, tout s\u2019engager, tout se r\u00e9soudre sans nous, autour de nous, contre nous\u00a0?\u00a0\u00bb<span id=\"2473\" class=\"cit-num\">2473<\/span><\/span><\/p>\n<p class=\"auteur\"><span data-href=\"\/auteurs\/jules-ferry\"><span class=\"author\"><span class=\"surname\">Jules <\/span><span class=\"name\"><span class=\"caps\">FERRY<\/span><\/span><\/span><\/span> (1832-1893), Chambre des d\u00e9put\u00e9s, 7\u00a0avril 1881<\/p>\n<p class=\"source\"><cite><span class=\"caps\">L\u2019E<\/span>ssor industriel et l\u2019imp\u00e9rialisme colonial, 1878-1904<\/cite> (1965), Maurice Baumont.<\/p>\n<\/blockquote>\n<p class=\"ressi\">Devenu pr\u00e9sident du Conseil, il d\u00e9fend l\u2019intervention en Tunisie d\u00e9cid\u00e9e par les d\u00e9put\u00e9s, et qu\u2019il a personnellement soutenue. La Tunisie devient protectorat fran\u00e7ais, le 12\u00a0mai 1881. L\u2019expression \u00ab\u00a0ligne bleue des Vosges\u00a0\u00bb va revenir dans son testament et passer \u00e0 la post\u00e9rit\u00e9. Cependant, conservateurs et radicaux s\u2019entendent contre la politique coloniale de Ferry, \u00e9galement attaqu\u00e9 pour sa politique scolaire.<\/p>\n<blockquote>\n<p class=\"citation-small\">\u00ab\u00a0Cette t\u00eate de l\u2019homme du peuple, cultivez-la [\u2026] \u00e9clairez-la [\u2026] vous n\u2019aurez pas besoin de la couper.\u00a0\u00bb<span id=\"2474\" class=\"cit-num\">2474<\/span><\/p>\n<p class=\"auteur\">Victor <span class=\"caps\">HUGO<\/span> (1802-1885), <em>Claude Gueux<\/em> (1834)<\/p>\n<\/blockquote>\n<p class=\"ressi\">Un bref roman de jeunesse, d\u00e9j\u00e0 contre la peine de mort.<\/p>\n<p>La m\u00eame id\u00e9e inspire la politique scolaire de Jules Ferry\u00a0: pour r\u00e9gler la question sociale, il faut selon lui faire dispara\u00eetre \u00ab\u00a0la derni\u00e8re, la plus redoutable des in\u00e9galit\u00e9s qui viennent de la naissance, l\u2019in\u00e9galit\u00e9 de l\u2019\u00e9ducation\u00a0\u00bb, permettre \u00ab\u00a0la premi\u00e8re fusion qui r\u00e9sulte du m\u00e9lange des riches et des pauvres sur le banc de quelque \u00e9cole\u00a0\u00bb. D\u2019o\u00f9 les \u00ab\u00a0lois Ferry\u00a0\u00bb de 1881-1882, qui rendent l\u2019enseignement primaire gratuit, ce qui permet de le rendre obligatoire de 7 \u00e0 13 ans, puis la\u00efque (\u2026)<\/p>\n<blockquote>\n<p class=\"citation-small\">\u00ab\u00a0Qui vive\u00a0? La France\u00a0!\u00a0\u00bb<span id=\"2475\" class=\"cit-num\">2475<\/span><\/p>\n<p class=\"auteur\">Paul <span class=\"caps\">D\u00c9ROUL\u00c8DE<\/span> (1846-1914), devise, et mot d\u2019ordre de la Ligue des patriotes. <em>M. Paul D\u00e9roul\u00e8de et sa Ligue des patriotes<\/em> (1889), Henri Canu, Georges Buisson<\/p>\n<\/blockquote>\n<p class=\"ressi\">La Ligue est fond\u00e9e le 18 mai 1882. D\u00e9roul\u00e8de, volontaire de la guerre franco-allemande de 1870 1871, incarne un patriotisme nationaliste et revanchard qui va faire beaucoup de bruit et d\u00e9cha\u00eener pas mal de fureurs, jusqu\u2019\u00e0 la prochaine guerre (\u2026)<\/p>\n<blockquote>\n<p class=\"citation-small\">\u00ab\u00a0Avant d\u2019aller planter le drapeau fran\u00e7ais l\u00e0 o\u00f9 il n\u2019est jamais all\u00e9, il fallait le replanter d\u2019abord l\u00e0 o\u00f9 il flottait jadis, l\u00e0 o\u00f9 nous l\u2019avons tous vu de nos propres yeux.\u00a0\u00bb<span id=\"2476\" class=\"cit-num\">2476<\/span><\/p>\n<p class=\"auteur\">Paul <span class=\"caps\">D\u00c9ROUL\u00c8DE<\/span> (1846-1914), Discours du Trocad\u00e9ro, octobre 1884. <em>Pour en finir avec la colonisation<\/em> (2006), Bernard Logan<\/p>\n<\/blockquote>\n<p class=\"ressi\">C\u2019est l\u2019expression du patriotisme continental, oppos\u00e9 \u00e0 l\u2019aventure coloniale incarn\u00e9e par Ferry. Ce qui explique l\u2019anticolonialisme de D\u00e9roul\u00e8de.<\/p>\n<blockquote>\n<p class=\"citation-small\">\u00ab\u00a0Faire passer avant toute chose la grandeur du pays et l\u2019honneur du drapeau.\u00a0\u00bb<span id=\"2477\" class=\"cit-num\">2477<\/span><\/p>\n<p class=\"auteur\">Jules <span class=\"caps\">FERRY<\/span> (1832-1893), Chambre des d\u00e9put\u00e9s, 30 mars 1885. <em>Discours et opinions de Jules Ferry<\/em> (1897), Jules Ferry, Paul Robiquet<\/p>\n<\/blockquote>\n<p class=\"ressi\">La conqu\u00eate de l\u2019Indochine a commenc\u00e9 sous Napol\u00e9on <span class=\"caps\">III<\/span>, et Ferry poursuit cette colonisation en Extr\u00eame-Orient. Par le trait\u00e9 de Hu\u00e9 (25 ao\u00fbt 1883), l\u2019empereur du Vietnam dut c\u00e9der, au nord, le Tonkin devenu protectorat fran\u00e7ais. Le Chine voisine qui conteste ce trait\u00e9, envahit le Tonkin\u00a0: ses troupes, les \u00ab\u00a0Pavillons noirs\u00a0\u00bb, se heurtent aux troupes fran\u00e7aises. Presque deux ans de si\u00e8ges et batailles navales s\u2019ensuivent.<\/p>\n<p>(\u2026)\u00a0Les radicaux, group\u00e9s autour de Clemenceau, d\u00e9noncent la politique coloniale de Jules Ferry, surnomm\u00e9 pour l\u2019occasion \u00ab\u00a0Ferry-Tonkin\u00a0\u00bb et m\u00eame accus\u00e9 de haute trahison pour avoir engag\u00e9 des troupes, sans bien en informer les d\u00e9put\u00e9s. Ferry, pr\u00e9sident du Conseil, garde son calme et, le 30 mars, invoquant la grandeur du pays et l\u2019honneur du drapeau, demande une augmentation des cr\u00e9dits pour envoyer des renforts au Tonkin. Il d\u00e9cha\u00eene des clameurs, \u00e0 la gauche comme \u00e0 la droite de l\u2019Assembl\u00e9e.<\/p>\n<blockquote>\n<p class=\"citation-small\">\u00ab\u00a0Mon patriotisme est en France\u00a0!\u00a0\u00bb<span id=\"2478\" class=\"cit-num\">2478<\/span><\/p>\n<p class=\"auteur\">Georges <span class=\"caps\">CLEMENCEAU<\/span> (1841-1929), Chambre des d\u00e9put\u00e9s, 30 mars 1885. <em>Affirmation nationale et village plan\u00e9taire<\/em> (1998), Jean Daniel<\/p>\n<\/blockquote>\n<p class=\"ressi\">Le \u00ab\u00a0Tigre\u00a0\u00bb fait bloc avec les adversaires de Jules Ferry (d\u00e9test\u00e9 aussi de la droite) et r\u00e9plique au chef du gouvernement\u00a0: \u00ab\u00a0Nous ne vous connaissons plus, nous ne voulons plus vous conna\u00eetre [\u2026] Ce ne sont plus des ministres que j\u2019ai devant moi [\u2026] Ce sont des accus\u00e9s de haute trahison sur lesquels, s\u2019il subsiste en France un principe de responsabilit\u00e9 et de justice, la main de la loi ne tardera pas \u00e0 s\u2019abattre.\u00a0\u00bb<\/p>\n<p>Pour Clemenceau, la politique coloniale est \u00ab\u00a0trahison\u00a0\u00bb, parce qu\u2019elle d\u00e9tourne la France de la ligne bleue des Vosges et rend impossible la revanche. Le pays n\u2019est pas assez riche en hommes et en cr\u00e9dits pour se battre sur deux fronts \u00e0 la fois\u00a0: l\u2019Alsace-Lorraine et des terres lointaines.<\/p>\n<p>Le minist\u00e8re Ferry est renvers\u00e9 (\u2026)<\/p>\n<blockquote>\n<p class=\"citation-small\">\u00ab\u00a0Une patrie se compose des morts qui l\u2019ont fond\u00e9e aussi bien que des vivants qui la continuent.\u00a0\u00bb<span id=\"2479\" class=\"cit-num\">2479<\/span><\/p>\n<p class=\"auteur\">Ernest <span class=\"caps\">RENAN<\/span> (1823-1892), R\u00e9ponse au discours de r\u00e9ception de Ferdinand de Lesseps \u00e0 l\u2019Acad\u00e9mie fran\u00e7aise, 23 avril 1885, Discours et Conf\u00e9rences<\/p>\n<\/blockquote>\n<p class=\"ressi\">Le c\u00e9l\u00e8bre et scandaleux auteur de la <em>Vie de J\u00e9sus<\/em> re\u00e7oit le vicomte octog\u00e9naire, heureux constructeur et administrateur du canal de Suez (qui lui a d\u00e9j\u00e0 ouvert les portes de l\u2019Acad\u00e9mie des sciences en 1873).<\/p>\n<blockquote>\n<p class=\"citation-small\">Aux grands hommes, la Patrie reconnaissante.<span id=\"2480\" class=\"cit-num\">2480<\/span><\/p>\n<p class=\"auteur\">Inscription au fronton du Panth\u00e9on<\/p>\n<\/blockquote>\n<p class=\"ressi\">Victor Hugo meurt le 22 mai 1885. Paris lui fait des fun\u00e9railles nationales, avec un cort\u00e8ge qui va de l\u2019Arc de Triomphe au Panth\u00e9on, monument vou\u00e9 au souvenir des grands hommes.<\/p>\n<p>Ce vaste sanctuaire, \u00e0 l\u2019origine \u00e9glise Sainte-Genevi\u00e8ve \u00e9difi\u00e9e par Soufflot, est transform\u00e9 en Panth\u00e9on destin\u00e9 \u00e0 recevoir les cendres des grands hommes, sous la R\u00e9volution (1791). Mirabeau, Voltaire et Rousseau en sont les premiers locataires. L\u2019Empire rend le Panth\u00e9on au culte. Avec la Restauration, l\u2019\u00e9glise re\u00e7oit une nouvelle inscription en latin, hommage \u00e0 sainte Genevi\u00e8ve, Louis <span class=\"caps\">XVI<\/span> et Louis <span class=\"caps\">XVIII<\/span> r\u00e9unis. Sous la Monarchie de Juillet, le Panth\u00e9on redevient Panth\u00e9on et l\u2019inscription repara\u00eet, pour dispara\u00eetre de nouveau \u00e0 la fin de la Deuxi\u00e8me R\u00e9publique, quand le b\u00e2timent redevient \u00e9glise.<\/p>\n<p>Le Panth\u00e9on devient d\u00e9finitivement Panth\u00e9on le 28 mai 1885, juste \u00e0 temps pour recevoir les cendres du grand po\u00e8te fran\u00e7ais.<\/p>\n<\/div>\n<style>\r\n        a .cit-num {\r\n            text-decoration: none !important;\r\n            color: inherit !important;\r\n        }\r\n    <\/style>","protected":false},"excerpt":{"rendered":"<p>\u00a0 Troisi\u00e8me R\u00e9publique L&#8217;expansion coloniale de la France L\u2019empire colonial s\u2019agrandit (Extr\u00eame-Orient, Afrique du Nord, Afrique noire, Madagascar), ce qui provoque des d\u00e9bats \u00e0 l&#8217;Assembl\u00e9e\u00a0: faut-il poursuivre l&#8217;aventure coloniale, ou concentrer les forces disponibles pour pr\u00e9parer la revanche\u00a0? Jules Ferry, fervent partisan de la colonisation, est aussi le p\u00e8re des grandes lois scolaires, pour \u00e9clairer [&#8230;]<\/p>\n","protected":false},"author":1,"featured_media":0,"comment_status":"open","ping_status":"open","sticky":false,"template":"","format":"standard","meta":{"site-sidebar-layout":"default","site-content-layout":"","ast-site-content-layout":"default","site-content-style":"default","site-sidebar-style":"default","ast-global-header-display":"","ast-banner-title-visibility":"","ast-main-header-display":"","ast-hfb-above-header-display":"","ast-hfb-below-header-display":"","ast-hfb-mobile-header-display":"","site-post-title":"","ast-breadcrumbs-content":"","ast-featured-img":"","footer-sml-layout":"","theme-transparent-header-meta":"","adv-header-id-meta":"","stick-header-meta":"","header-above-stick-meta":"","header-main-stick-meta":"","header-below-stick-meta":"","astra-migrate-meta-layouts":"default","ast-page-background-enabled":"default","ast-page-background-meta":{"desktop":{"background-color":"var(--ast-global-color-5)","background-image":"","background-repeat":"repeat","background-position":"center center","background-size":"auto","background-attachment":"scroll","background-type":"","background-media":"","overlay-type":"","overlay-color":"","overlay-opacity":"","overlay-gradient":""},"tablet":{"background-color":"","background-image":"","background-repeat":"repeat","background-position":"center center","background-size":"auto","background-attachment":"scroll","background-type":"","background-media":"","overlay-type":"","overlay-color":"","overlay-opacity":"","overlay-gradient":""},"mobile":{"background-color":"","background-image":"","background-repeat":"repeat","background-position":"center center","background-size":"auto","background-attachment":"scroll","background-type":"","background-media":"","overlay-type":"","overlay-color":"","overlay-opacity":"","overlay-gradient":""}},"ast-content-background-meta":{"desktop":{"background-color":"var(--ast-global-color-4)","background-image":"","background-repeat":"repeat","background-position":"center center","background-size":"auto","background-attachment":"scroll","background-type":"","background-media":"","overlay-type":"","overlay-color":"","overlay-opacity":"","overlay-gradient":""},"tablet":{"background-color":"var(--ast-global-color-4)","background-image":"","background-repeat":"repeat","background-position":"center center","background-size":"auto","background-attachment":"scroll","background-type":"","background-media":"","overlay-type":"","overlay-color":"","overlay-opacity":"","overlay-gradient":""},"mobile":{"background-color":"var(--ast-global-color-4)","background-image":"","background-repeat":"repeat","background-position":"center center","background-size":"auto","background-attachment":"scroll","background-type":"","background-media":"","overlay-type":"","overlay-color":"","overlay-opacity":"","overlay-gradient":""}},"iawp_total_views":8,"footnotes":""},"categories":[245,7,567,564],"tags":[],"class_list":["post-7956","post","type-post","status-publish","format-standard","hentry","category-chronique","category-chronique-du-jour","category-jules-ferry","category-troisieme-republique"],"_links":{"self":[{"href":"https:\/\/histoire-en-citations.fr\/WP\/wp-json\/wp\/v2\/posts\/7956","targetHints":{"allow":["GET"]}}],"collection":[{"href":"https:\/\/histoire-en-citations.fr\/WP\/wp-json\/wp\/v2\/posts"}],"about":[{"href":"https:\/\/histoire-en-citations.fr\/WP\/wp-json\/wp\/v2\/types\/post"}],"author":[{"embeddable":true,"href":"https:\/\/histoire-en-citations.fr\/WP\/wp-json\/wp\/v2\/users\/1"}],"replies":[{"embeddable":true,"href":"https:\/\/histoire-en-citations.fr\/WP\/wp-json\/wp\/v2\/comments?post=7956"}],"version-history":[{"count":2,"href":"https:\/\/histoire-en-citations.fr\/WP\/wp-json\/wp\/v2\/posts\/7956\/revisions"}],"predecessor-version":[{"id":12826,"href":"https:\/\/histoire-en-citations.fr\/WP\/wp-json\/wp\/v2\/posts\/7956\/revisions\/12826"}],"wp:attachment":[{"href":"https:\/\/histoire-en-citations.fr\/WP\/wp-json\/wp\/v2\/media?parent=7956"}],"wp:term":[{"taxonomy":"category","embeddable":true,"href":"https:\/\/histoire-en-citations.fr\/WP\/wp-json\/wp\/v2\/categories?post=7956"},{"taxonomy":"post_tag","embeddable":true,"href":"https:\/\/histoire-en-citations.fr\/WP\/wp-json\/wp\/v2\/tags?post=7956"}],"curies":[{"name":"wp","href":"https:\/\/api.w.org\/{rel}","templated":true}]}}