{"id":8059,"date":"2020-01-09T00:00:00","date_gmt":"2020-01-08T23:00:00","guid":{"rendered":"https:\/\/histoire-en-citations.fr\/WP\/2025\/06\/26\/roosevelt-la-guerre-nazie-est-une-repugnante-affaire-nous-ne-voulions-pas-y-entrer-mais-nous-y-sommes-et-nous-allons-combattre-avec-toutes-nos-ressources\/"},"modified":"2025-08-12T08:43:37","modified_gmt":"2025-08-12T06:43:37","slug":"roosevelt-la-guerre-nazie-est-une-repugnante-affaire-nous-ne-voulions-pas-y-entrer-mais-nous-y-sommes-et-nous-allons-combattre-avec-toutes-nos-ressources","status":"publish","type":"post","link":"https:\/\/histoire-en-citations.fr\/WP\/roosevelt-la-guerre-nazie-est-une-repugnante-affaire-nous-ne-voulions-pas-y-entrer-mais-nous-y-sommes-et-nous-allons-combattre-avec-toutes-nos-ressources\/","title":{"rendered":"Roosevelt : \u00ab La guerre nazie est une r\u00e9pugnante affaire. Nous ne voulions pas y entrer ; mais nous y sommes et nous allons combattre avec toutes nos ressources.\u00a0\u00bb"},"content":{"rendered":"<div class=\"field-item even\">\n<p>\u00a0<\/p>\n<h4>Seconde Guerre Mondiale<\/h4>\n<p><strong>1941\u00a0: la guerre devient mondiale<\/strong><\/p>\n<div class=\"encart\">\n<p>Le monde entier s\u2019enflamme\u00a0: Hitler a attaqu\u00e9 l\u2019<span class=\"caps\">URSS<\/span> (22 juin 1941), les Japonais ont coul\u00e9 la flotte am\u00e9ricaine du Pacifique \u00e0 Pearl Harbor (7 d\u00e9cembre 1941), l\u2019Allemagne et l\u2019Italie ont d\u00e9clar\u00e9 la guerre aux \u00c9tats-Unis. Cette m\u00eame ann\u00e9e 1941, le premier convoi de d\u00e9port\u00e9s fran\u00e7ais part vers l\u2019Allemagne le 7 d\u00e9cembre.<\/p>\n<\/div>\n<p><em>Les commentaires sont all\u00e9g\u00e9s, les coupes signal\u00e9es (\u2026) <a href=\"https:\/\/histoire-en-citations.fr\/WP\/boutique\/\" target=\"_blank\" rel=\"noopener\">Retrouvez l\u2019int\u00e9gralit\u00e9 dans nos Chroniques de l\u2019Histoire en citations<\/a>.<\/em><\/p>\n<blockquote>\n<p class=\"citation-small\">\u00ab\u00a0La guerre nazie est une r\u00e9pugnante affaire. Nous ne voulions pas y entrer\u00a0; mais nous y sommes et nous allons combattre avec toutes nos ressources.\u00a0\u00bb<span id=\"2782\" class=\"cit-num\">2782<\/span><\/p>\n<p class=\"auteur\">Franklin Delano <span class=\"caps\">ROOSEVELT<\/span> (1882-1945), D\u00e9claration du pr\u00e9sident des \u00c9tats-Unis, faisant suite \u00e0 l\u2019attaque sur Pearl Harbor du 7 d\u00e9cembre 1941.<em> Comment Einstein a chang\u00e9 le monde<\/em> (2005), Jean-Claude Boudenot<\/p>\n<\/blockquote>\n<p>L\u2019aviation et la flotte japonaises, sans d\u00e9claration de guerre, ont d\u00e9truit la flotte am\u00e9ricaine du Pacifique, le 7 d\u00e9cembre. C\u2019est la chance des d\u00e9mocraties europ\u00e9ennes qui vont avoir le plus puissant des alli\u00e9s \u2013 mais pas le plus facile, surtout pour de Gaulle, peu appr\u00e9ci\u00e9 du pr\u00e9sident am\u00e9ricain\u00a0: \u00ab\u00a0Comment voulez-vous que je fasse avec un homme qui se prend \u00e0 la fois pour Jeanne d\u2019Arc et Napol\u00e9on\u00a0!\u00a0\u00bb (\u2026)<\/p>\n<p>Le premier \u00ab\u00a0d\u00e9barquement am\u00e9ricain\u00a0\u00bb se fera en Afrique du Nord, en novembre 1942.<\/p>\n<blockquote>\n<p class=\"citation-small\">\u00ab\u00a0Je tiens \u00e0 vous \u00e9crire pour vous dire le d\u00e9go\u00fbt, l\u2019horreur, l\u2019indignation qu\u2019\u00e9prouvent \u00e0 l\u2019\u00e9gard des iniquit\u00e9s, des spoliations, des mauvais traitements de toutes sortes, dont sont actuellement victimes nos compagnons Isra\u00e9lites, tous les bons Fran\u00e7ais et sp\u00e9cialement les catholiques.\u00a0\u00bb<span id=\"2783\" class=\"cit-num\">2783<\/span><\/p>\n<p class=\"auteur\">Paul <span class=\"caps\">CLAUDEL<\/span> (1868-1955), Lettre au grand Rabbin de France, \u00e0 la veille de No\u00ebl 1941. <em>Exigences chr\u00e9tiennes en politique<\/em> (1990), Charles Journet<\/p>\n<\/blockquote>\n<p>(\u2026) Le 7 d\u00e9cembre 1941, le premier convoi de d\u00e9port\u00e9s fran\u00e7ais part vers l\u2019Allemagne. Selon Serge Klarsfeld, 27 % des Juifs fran\u00e7ais seront d\u00e9port\u00e9s (soit 24 000). Mais il y avait en 1939 une forte majorit\u00e9 de juifs \u00e9trangers ou apatrides (environ 200 000) ayant fui les pers\u00e9cutions en Russie, Pologne, Allemagne.<\/p>\n<blockquote>\n<p class=\"citation-small\">\u00ab\u00a0La R\u00e9sistance fut une d\u00e9mocratie v\u00e9ritable\u00a0: pour le soldat comme pour le chef, m\u00eame danger, m\u00eame responsabilit\u00e9, m\u00eame absolue libert\u00e9 dans la discipline.\u00a0\u00bb<span id=\"2784\" class=\"cit-num\">2784<\/span><\/p>\n<p class=\"auteur\">Jean-Paul <span class=\"caps\">SARTRE<\/span> (1905-1980),<em> Situations <span class=\"caps\">III<\/span><\/em> (1949)<\/p>\n<\/blockquote>\n<p>La R\u00e9sistance, fait europ\u00e9en, \u00e9volue \u00e0 peu pr\u00e8s de la m\u00eame fa\u00e7on dans tous les pays.<\/p>\n<p>\u00c0 c\u00f4t\u00e9 de la R\u00e9sistance ext\u00e9rieure et bient\u00f4t avec elle, la R\u00e9sistance int\u00e9rieure s\u2019organise en France. On \u00e9coute la <span class=\"caps\">BBC<\/span>, on se passe des informations, on fait passer des renseignements, des r\u00e9seaux se cr\u00e9ent, une presse clandestine (plus de 1 100 journaux recens\u00e9s, dont certains tirent \u00e0 plusieurs centaines de mille\u00a0!), on imprime aussi des tracts pour d\u00e9noncer les mensonges de la propagande (\u2026)<\/p>\n<p>On arrive vite \u00e0 l\u2019action directe, la plus dangereuse\u00a0: sabotages, attentats, guerre de maquisards, arm\u00e9e des ombres (\u2026)<\/p>\n<blockquote>\n<p class=\"citation-small\">\u00ab\u00a0La mort\u00a0? D\u00e8s le d\u00e9but de la guerre, comme des milliers de Fran\u00e7ais, je l\u2019ai accept\u00e9e. Depuis, je l\u2019ai vue de pr\u00e8s bien des fois, elle ne me fait pas peur.\u00a0\u00bb<span id=\"2785\" class=\"cit-num\">2785<\/span><\/p>\n<p class=\"auteur\">Jean <span class=\"caps\">MOULIN<\/span> (1899-1943). <em>Vies et morts de Jean Moulin<\/em> (1998), Pierre P\u00e9an<\/p>\n<\/blockquote>\n<p>Ayant refus\u00e9, comme pr\u00e9fet, la politique de Vichy et rejoint Londres \u00e0 l\u2019automne 1940, parachut\u00e9 en France dans les Alpilles le 1er janvier 1942 comme \u00ab\u00a0repr\u00e9sentant du g\u00e9n\u00e9ral de Gaulle\u00a0\u00bb, il a pour mission d\u2019unifier les trois grands r\u00e9seaux de r\u00e9sistants de la zone sud (Combat, Lib\u00e9ration, Franc Tireur). R\u00f4le difficile, vue l\u2019extr\u00eame diversit\u00e9 des sensibilit\u00e9s (\u2026)<\/p>\n<blockquote>\n<p class=\"citation-small\">\u00ab\u00a0Messieurs, l\u2019intention \u00e9clate\u00a0: on cherche \u00e0 faire rejaillir sur le Front populaire [\u2026] la responsabilit\u00e9 de la d\u00e9faite militaire que la France a subie.\u00a0\u00bb<span id=\"2786\" class=\"cit-num\">2786<\/span><\/p>\n<p class=\"auteur\">L\u00e9on <span class=\"caps\">BLUM<\/span> (1872-1950), Proc\u00e8s de Riom (15 f\u00e9vrier-11 avril 1942).<em> L\u00e9on Blum devant la cour de Riom<\/em> (1945), L\u00e9on Blum<\/p>\n<\/blockquote>\n<p>Ce proc\u00e8s est l\u2019aboutissement logique de la propagande du gouvernement de Vichy, stigmatisant l\u2019ancien r\u00e9gime d\u00e9chu avec les mauvais r\u00e9publicains d\u2019o\u00f9 vint tout le mal, et d\u2019abord la guerre et la d\u00e9faite. Hommes politiques et hauts fonctionnaires sont mis en accusation\u00a0: Blum, Daladier, Reynaud, Gamelin, Jacomet (contr\u00f4leur g\u00e9n\u00e9ral des arm\u00e9es). \u00ab\u00a0Le proc\u00e8s de Riom n\u2019a pas trait\u00e9 des vraies responsabilit\u00e9s de la d\u00e9faite. Comme dans tous les proc\u00e8s politiques, celui de Jeanne d\u2019Arc, de Louis <span class=\"caps\">XVI<\/span>, de Bazaine ou, dans une certaine mesure, celui de P\u00e9tain, on y dit une v\u00e9rit\u00e9 d\u2019occasion favorable \u00e0 un r\u00e9gime donn\u00e9. Tous les proc\u00e8s jug\u00e9s par des tribunaux d\u2019exception sont en g\u00e9n\u00e9ral des proc\u00e8s truqu\u00e9s\u00a0\u00bb (Fr\u00e9d\u00e9ric Pottecher, <em>Le Proc\u00e8s de la d\u00e9faite<\/em>, 1989).<\/p>\n<blockquote>\n<p class=\"citation-small\">\u00ab\u00a0Le patronat de droit divin est mort.\u00a0\u00bb<span id=\"2787\" class=\"cit-num\">2787<\/span><\/p>\n<p class=\"auteur\">L\u00e9on <span class=\"caps\">BLUM<\/span> (1872-1950), r\u00e9sumant l\u2019une des id\u00e9es force du Front populaire de 1936. <em>Le Proc\u00e8s de Riom<\/em> (1945), James de Coquet, Robert Jacomet<\/p>\n<\/blockquote>\n<p>(\u2026) Tournant au r\u00e9quisitoire contre la politique hitl\u00e9rienne et celle du r\u00e9gime de Vichy, le proc\u00e8s est suspendu. Au lieu d\u2019un jugement, il y aura une s\u00e9rie d\u2019internements administratifs, relevant du pouvoir du mar\u00e9chal P\u00e9tain, chef de l\u2019\u00c9tat.<\/p>\n<p>En prison, L\u00e9on Blum \u00e9crit en 1941 \u00c0 l\u2019\u00e9chelle humaine. Il exhorte son parti \u00e0 la R\u00e9sistance. Apr\u00e8s le proc\u00e8s, livr\u00e9 aux Allemands et d\u00e9port\u00e9 \u00e0 Buchenwald, il est de ceux qui en reviendront.<\/p>\n<blockquote>\n<p class=\"citation-small\">\u00ab\u00a0Sur mes cahiers d\u2019\u00e9colier<br>Sur mon pupitre et les arbres<br>Sur le sable sur la neige<br>J\u2019\u00e9cris ton nom [\u2026]<br>Et par le pouvoir d\u2019un mot<br>Je recommence ma vie<br>Je suis n\u00e9 pour te conna\u00eetre,<br>Pour te nommer<br>Libert\u00e9.\u00a0\u00bb<span id=\"2788\" class=\"cit-num\">2788<\/span><\/p>\n<p class=\"auteur\">Paul <span class=\"caps\">\u00c9LUARD<\/span> (1895-1952), \u00ab\u00a0Libert\u00e9\u00a0\u00bb,<em> Po\u00e9sie et V\u00e9rit\u00e9<\/em> (1942)<\/p>\n<\/blockquote>\n<p>Cet hymne \u00e0 la libert\u00e9, chef-d\u2019\u0153uvre de la po\u00e9sie n\u00e9e de la R\u00e9sistance, est r\u00e9pandu sur la France par les avions de la Royal Air Force. \u00c9luard, comme Aragon, a choisi la voie de l\u2019engagement politique et les rangs du Parti communiste dans les ann\u00e9es 1930.<\/p>\n<p>Depuis la rupture du pacte germano-sovi\u00e9tique, l\u2019entr\u00e9e dans la R\u00e9sistance ne pose plus probl\u00e8me aux intellectuels et militants du <span class=\"caps\">PCF<\/span> (\u2026)<\/p>\n<blockquote>\n<p class=\"citation-small\"><em>Alors que Paul Val\u00e9ry venait de faire publier non sans mal ses Mauvaises pens\u00e9es et autres\u00a0:<\/em><br>\u00ab\u00a0Pourquoi n\u2019\u00e9crit-il pas les Bonnes\u00a0?\u00a0\u00bb<span id=\"278\" class=\"cit-num\">278<\/span><\/p>\n<p class=\"auteur\">R\u00e9action des autorit\u00e9s d\u2019Occupation en 1942. <em>Bulletin des \u00e9tudes val\u00e9ryennes<\/em>, nos 56 \u00e0 64 (1992), Centre d\u2019\u00e9tudes val\u00e9ryenne<\/p>\n<\/blockquote>\n<p>Malgr\u00e9 la censure, on \u00e9crit, on \u00e9dite.<\/p>\n<p>De 1894 \u00e0 1945, Val\u00e9ry po\u00e8te et philosophe poursuit sa m\u00e9ditation dans ses <em>Cahiers<\/em> (\u2026)<\/p>\n<blockquote>\n<p class=\"citation-small\">\u00ab\u00a0C\u2019est une r\u00e9volution, la plus grande de son Histoire, que la France trahie par ses dirigeants et ses privil\u00e9gi\u00e9s a commenc\u00e9 d\u2019accomplir.\u00a0\u00bb<span id=\"2790\" class=\"cit-num\">2790<\/span><\/p>\n<p class=\"auteur\">Charles de <span class=\"caps\">GAULLE<\/span> (1890-1970), Discours du 1er avril 1942. <em>Les Nationalisations de la Lib\u00e9ration\u00a0: de l\u2019utopie au compromis<\/em> (1987), Claire Andrieu, Lucette Le Van, Antoine Prost<\/p>\n<\/blockquote>\n<p>Le mouvement de Londres prend le contre-pied du gouvernement de Vichy. Vichy est visc\u00e9ralement de droite, la France libre se pose naturellement \u00e0 gauche. \u00c0 la r\u00e9action fasciste de la \u00ab\u00a0r\u00e9volution nationale\u00a0\u00bb r\u00e9pond la r\u00e9novation d\u00e9mocratique de la \u00ab\u00a0r\u00e9volution r\u00e9publicaine\u00a0\u00bb (\u2026)<\/p>\n<p>Ainsi de Gaulle, au c\u0153ur de la guerre, pr\u00e9pare la paix et l\u2019avenir de la France nouvelle.<\/p>\n<blockquote>\n<p class=\"citation-small\">\u00ab\u00a0J\u2019appartiens \u00e0 ce peuple qu\u2019on a souvent appel\u00e9 \u00e9lu\u2026 \u00c9lu\u00a0? Enfin, disons\u00a0: en ballottage.\u00a0\u00bb<span id=\"2791\" class=\"cit-num\">2791<\/span><\/p>\n<p class=\"auteur\">Tristan <span class=\"caps\">BERNARD<\/span> (1866-1947), <em>Propos<\/em>, conf\u00e9rence \u00e0 Nice (1942)<\/p>\n<\/blockquote>\n<p>(\u2026) Le statut discriminatoire des juifs, promulgu\u00e9 en septembre 1940 en zone occup\u00e9e, est vite \u00e9tendu \u00e0 la zone sud, dite (momentan\u00e9ment) libre, et fortement aggrav\u00e9 en juin 1941. Le port de l\u2019\u00e9toile jaune est impos\u00e9 en juin 1942, les rafles se font syst\u00e9matiques dans les villes, les juifs sont parqu\u00e9s dans des camps, et d\u00e9port\u00e9s dans d\u2019autres camps dont bien peu reviendront. Durant la grande rafle du Vel\u2019 d\u2019Hiv\u2019 \u00e0 Paris (nuit du 16 au 17 juillet 1942), 13 000 juifs, hommes, femmes, enfants, sont arr\u00eat\u00e9s par la police fran\u00e7aise (\u2026)<\/p>\n<blockquote>\n<p class=\"citation-small\">\u00ab\u00a0Certes, nous sommes d\u00e9j\u00e0 vaincus. Tout est en suspens. Tout s\u2019\u00e9croule. Mais je continue d\u2019\u00e9prouver la tranquillit\u00e9 d\u2019un vainqueur.\u00a0\u00bb<span id=\"2792\" class=\"cit-num\">2792<\/span><\/p>\n<p class=\"auteur\">Antoine de <span class=\"caps\">SAINT<\/span>\u2013<span class=\"caps\">EXUP\u00c9RY<\/span> (1900-1944), <em>Pilote de guerre<\/em> (1942)<\/p>\n<\/blockquote>\n<p>Parfaite expression du tournant pris par la guerre en novembre 1942. L\u2019Occupation se durcit et s\u2019\u00e9tend \u00e0 la zone sud, le r\u00e9gime se rapproche du mod\u00e8le nazi par ses lois d\u2019exception et ses mesures polici\u00e8res, sous le gouvernement Laval. Mais \u00e0 terme, on peut pr\u00e9voir que la formidable puissance des \u00c9tats-Unis va faire basculer le rapport des forces, cependant qu\u2019Hitler s\u2019\u00e9puisera sur le front russe (\u2026) Et d\u00e9j\u00e0 la R\u00e9sistance s\u2019organise en France, et le d\u00e9barquement des Alli\u00e9s en Afrique du Nord se fait le 8 novembre.<\/p>\n<\/div>\n<style>\r\n        a .cit-num {\r\n            text-decoration: none !important;\r\n            color: inherit !important;\r\n        }\r\n    <\/style>","protected":false},"excerpt":{"rendered":"<p>\u00a0Seconde Guerre Mondiale1941\u00a0: la guerre devient mondialeLe monde entier s\u2019enflamme\u00a0: Hitler a attaqu\u00e9 l\u2019URSS (22 juin 1941), les Japonais ont coul\u00e9 la flotte am\u00e9ricaine du Pacifique \u00e0 Pearl Harbor (7 d\u00e9cembre 1941), l\u2019Allemagne et l\u2019Italie ont d\u00e9clar\u00e9 la guerre aux \u00c9tats-Unis. Cette m\u00eame ann\u00e9e 1941, le premier convoi de d\u00e9port\u00e9s fran\u00e7ais part vers l\u2019Allemagne le [&#8230;]<\/p>\n","protected":false},"author":1,"featured_media":0,"comment_status":"open","ping_status":"open","sticky":false,"template":"","format":"standard","meta":{"site-sidebar-layout":"default","site-content-layout":"","ast-site-content-layout":"default","site-content-style":"default","site-sidebar-style":"default","ast-global-header-display":"","ast-banner-title-visibility":"","ast-main-header-display":"","ast-hfb-above-header-display":"","ast-hfb-below-header-display":"","ast-hfb-mobile-header-display":"","site-post-title":"","ast-breadcrumbs-content":"","ast-featured-img":"","footer-sml-layout":"","theme-transparent-header-meta":"","adv-header-id-meta":"","stick-header-meta":"","header-above-stick-meta":"","header-main-stick-meta":"","header-below-stick-meta":"","astra-migrate-meta-layouts":"default","ast-page-background-enabled":"default","ast-page-background-meta":{"desktop":{"background-color":"var(--ast-global-color-5)","background-image":"","background-repeat":"repeat","background-position":"center center","background-size":"auto","background-attachment":"scroll","background-type":"","background-media":"","overlay-type":"","overlay-color":"","overlay-opacity":"","overlay-gradient":""},"tablet":{"background-color":"","background-image":"","background-repeat":"repeat","background-position":"center center","background-size":"auto","background-attachment":"scroll","background-type":"","background-media":"","overlay-type":"","overlay-color":"","overlay-opacity":"","overlay-gradient":""},"mobile":{"background-color":"","background-image":"","background-repeat":"repeat","background-position":"center center","background-size":"auto","background-attachment":"scroll","background-type":"","background-media":"","overlay-type":"","overlay-color":"","overlay-opacity":"","overlay-gradient":""}},"ast-content-background-meta":{"desktop":{"background-color":"var(--ast-global-color-4)","background-image":"","background-repeat":"repeat","background-position":"center center","background-size":"auto","background-attachment":"scroll","background-type":"","background-media":"","overlay-type":"","overlay-color":"","overlay-opacity":"","overlay-gradient":""},"tablet":{"background-color":"var(--ast-global-color-4)","background-image":"","background-repeat":"repeat","background-position":"center center","background-size":"auto","background-attachment":"scroll","background-type":"","background-media":"","overlay-type":"","overlay-color":"","overlay-opacity":"","overlay-gradient":""},"mobile":{"background-color":"var(--ast-global-color-4)","background-image":"","background-repeat":"repeat","background-position":"center center","background-size":"auto","background-attachment":"scroll","background-type":"","background-media":"","overlay-type":"","overlay-color":"","overlay-opacity":"","overlay-gradient":""}},"iawp_total_views":6,"footnotes":""},"categories":[245,7,578],"tags":[],"class_list":["post-8059","post","type-post","status-publish","format-standard","hentry","category-chronique","category-chronique-du-jour","category-seconde-guerre-mondiale"],"_links":{"self":[{"href":"https:\/\/histoire-en-citations.fr\/WP\/wp-json\/wp\/v2\/posts\/8059","targetHints":{"allow":["GET"]}}],"collection":[{"href":"https:\/\/histoire-en-citations.fr\/WP\/wp-json\/wp\/v2\/posts"}],"about":[{"href":"https:\/\/histoire-en-citations.fr\/WP\/wp-json\/wp\/v2\/types\/post"}],"author":[{"embeddable":true,"href":"https:\/\/histoire-en-citations.fr\/WP\/wp-json\/wp\/v2\/users\/1"}],"replies":[{"embeddable":true,"href":"https:\/\/histoire-en-citations.fr\/WP\/wp-json\/wp\/v2\/comments?post=8059"}],"version-history":[{"count":2,"href":"https:\/\/histoire-en-citations.fr\/WP\/wp-json\/wp\/v2\/posts\/8059\/revisions"}],"predecessor-version":[{"id":12800,"href":"https:\/\/histoire-en-citations.fr\/WP\/wp-json\/wp\/v2\/posts\/8059\/revisions\/12800"}],"wp:attachment":[{"href":"https:\/\/histoire-en-citations.fr\/WP\/wp-json\/wp\/v2\/media?parent=8059"}],"wp:term":[{"taxonomy":"category","embeddable":true,"href":"https:\/\/histoire-en-citations.fr\/WP\/wp-json\/wp\/v2\/categories?post=8059"},{"taxonomy":"post_tag","embeddable":true,"href":"https:\/\/histoire-en-citations.fr\/WP\/wp-json\/wp\/v2\/tags?post=8059"}],"curies":[{"name":"wp","href":"https:\/\/api.w.org\/{rel}","templated":true}]}}