{"id":8132,"date":"2020-01-11T11:46:25","date_gmt":"2020-01-11T10:46:25","guid":{"rendered":"https:\/\/histoire-en-citations.fr\/WP\/2025\/06\/26\/giraudoux-blason-de-defaites-blason-dindignites-telles-etaient-les-armoiries-que-le-nouvel-ordre-remettait-pour-leur-sacre-a-ses-chevaliers\/"},"modified":"2025-08-12T08:43:37","modified_gmt":"2025-08-12T06:43:37","slug":"giraudoux-blason-de-defaites-blason-dindignites-telles-etaient-les-armoiries-que-le-nouvel-ordre-remettait-pour-leur-sacre-a-ses-chevaliers","status":"publish","type":"post","link":"https:\/\/histoire-en-citations.fr\/WP\/giraudoux-blason-de-defaites-blason-dindignites-telles-etaient-les-armoiries-que-le-nouvel-ordre-remettait-pour-leur-sacre-a-ses-chevaliers\/","title":{"rendered":"Giraudoux : \u00ab Blason de d\u00e9faites, blason d&#039;indignit\u00e9s, telles \u00e9taient les armoiries que le nouvel ordre remettait, pour leur sacre, \u00e0 ses chevaliers. \u00bb"},"content":{"rendered":"<div class=\"field-item even\">\n<p>\u00a0<\/p>\n<h4>Seconde Guerre Mondiale<\/h4>\n<p><strong>Pr\u00e9parer l\u2019apr\u00e8s-guerre<\/strong><\/p>\n<div class=\"encart\">\n<p>De Gaulle, identifiant son destin \u00e0 celui de la France, ne se contente pas de combattre. Il pr\u00e9pare les bases d\u2019un r\u00e9gime nouveau qu\u2019il voudrait sans plus de coalitions d\u2019int\u00e9r\u00eats ni de privil\u00e8ges,\u00a0 et cherche d\u00e9j\u00e0 \u00e0 \u00e9viter la tutelle militaire des Alli\u00e9s une fois l\u2019Allemagne vaincue.<\/p>\n<\/div>\n<p><em>Les commentaires sont all\u00e9g\u00e9s, les coupes signal\u00e9es (\u2026) <a href=\"https:\/\/histoire-en-citations.fr\/WP\/boutique\/\" target=\"_blank\">Retrouvez l\u2019int\u00e9gralit\u00e9 dans nos Chroniques de l\u2019Histoire en citations<\/a>.<\/em><\/p>\n<blockquote>\n<p class=\"citation citation-small\"><span class=\"enonce\">\u00ab\u00a0Blason de d\u00e9faites, blason d\u2019indignit\u00e9s, telles \u00e9taient les armoiries que le nouvel ordre remettait, pour leur sacre, \u00e0 ses chevaliers.\u00a0\u00bb<span id=\"2799\" class=\"cit-num\">2799<\/span><\/span><\/p>\n<p class=\"auteur\"><span data-href=\"\/auteurs\/jean-giraudoux\"><span class=\"author\"><span class=\"surname\">Jean <\/span><span class=\"name\"><span class=\"caps\">GIRAUDOUX<\/span><\/span><\/span><\/span> (1882-1944), <cite>Sans pouvoirs<\/cite> (posthume, 1946)<\/p>\n<\/blockquote>\n<p>Diplomate de carri\u00e8re en m\u00eame temps qu\u2019auteur de roman et de th\u00e9\u00e2tre, commissaire \u00e0 l\u2019Information dans le gouvernement Daladier en 1939, il quitte ce poste apr\u00e8s la d\u00e9faite et condamne bient\u00f4t le r\u00e9gime de Vichy, ses \u00ab\u00a0chevaliers\u00a0\u00bb et leurs \u00ab\u00a0armoiries\u00a0\u00bb\u00a0: \u00ab\u00a0Un proche avenir les mart\u00e8lera, aucune de leurs devises n\u2019a \u00e9t\u00e9 accept\u00e9e par le pays et la le\u00e7on des \u00e9v\u00e9nements est bien loin pour la France des v\u00e9rit\u00e9s o\u00f9 certains de ses dirigeants ont pr\u00e9tendu la trouver.\u00a0\u00bb (\u2026)<\/p>\n<blockquote>\n<p class=\"citation-small\">\u00ab\u00a0La France choisit le chemin nouveau [\u2026] S\u2019il existe encore des Bastilles, qu\u2019elles s\u2019appr\u00eatent de bon gr\u00e9 \u00e0 ouvrir leurs portes.\u00a0\u00bb<span id=\"2800\" class=\"cit-num\">2800<\/span><\/p>\n<p class=\"auteur\">Charles de <span class=\"caps\">GAULLE<\/span> (1890-1970), Discours d\u2019Alger, 14 juillet 1943.<em> Histoire de la <span class=\"caps\">IV<\/span>e R\u00e9publique\u00a0: la R\u00e9publique des illusions, 1945-1951<\/em> (1993), Georgette Elgey<\/p>\n<\/blockquote>\n<p>Il continue de pr\u00e9parer l\u2019apr\u00e8s-guerre et des r\u00e9formes dans le sens de la gauche.<\/p>\n<p>Il \u00e9largit les assises politiques de la France libre, devenue France combattante en prenant acte de l\u2019adh\u00e9sion de la R\u00e9sistance int\u00e9rieure, il met en place des institutions, r\u00e9dige des textes, et tout cela d\u2019Alger qui remplace Londres et se pose, contre Vichy, en vraie capitale (provisoire) de la France.<\/p>\n<blockquote>\n<p class=\"citation-small\">\u00ab\u00a0L\u2019union nationale ne peut se faire et ne peut durer que si l\u2019\u00c9tat sait distinguer les bons serviteurs et punir les criminels.\u00a0\u00bb<span id=\"2801\" class=\"cit-num\">2801<\/span><\/p>\n<p class=\"auteur\">Charles de <span class=\"caps\">GAULLE<\/span> (1890-1970), Discours de Casablanca, 8 ao\u00fbt 1943. <em>Discours et messages, 1940-1946<\/em> (1946), Charles de Gaulle<\/p>\n<\/blockquote>\n<p>Toujours cette pr\u00e9occupation de pr\u00e9parer une France capable de se gouverner et de s\u2019administrer elle-m\u00eame, pour \u00e9viter la tutelle militaire que les Alli\u00e9s songent \u00e0 lui imposer. Le temps venu, l\u2019\u00e9puration judiciaire frappera les criminels de la collaboration (\u2026)<\/p>\n<blockquote>\n<p class=\"citation-small\">\u00ab\u00a0Nous vivions dans la crainte, maintenant nous allons vivre dans l\u2019espoir.\u00a0\u00bb<span id=\"2802\" class=\"cit-num\">2802<\/span><\/p>\n<p class=\"auteur\">Tristan <span class=\"caps\">BERNARD<\/span> (1866-1947), \u00e0 sa femme, dans le car de la Gestapo qui emm\u00e8ne le couple \u00e0 Drancy, 1er octobre 1943. <em>Le Nouvel Observateur<\/em>, n\u00b0 1784 (14 janvier 1999), article de Fran\u00e7oise Giroud<\/p>\n<\/blockquote>\n<p>(\u2026) \u00c0 78 ans, il refuse d\u2019\u00e9couter ceux qui l\u2019avertissent du danger\u00a0: \u00ab\u00a0Comment voulez-vous qu\u2019on fasse du mal \u00e0 un Fran\u00e7ais qui est dans le dictionnaire\u00a0?\u00a0\u00bb<\/p>\n<p>Le couple sera sauv\u00e9 par l\u2019intervention de ses amis, Arletty et Sacha Guitry, qui ont des amis allemands. Tristan Bernard meurt en 1947, mur\u00e9 dans le silence \u2013 son petit-fils n\u2019est pas revenu du camp de Mauthausen.<\/p>\n<blockquote>\n<p class=\"citation-small\">\u00ab\u00a0Je vous salue ma France o\u00f9 le peuple est habile<br>\u00c0 ces travaux qui font les jours \u00e9merveill\u00e9s<br>Et que l\u2019on vient de loin saluer dans sa ville<br>Paris mon c\u0153ur trois ans vainement fusill\u00e9 [\u2026]<br>Ma France d\u2019au-del\u00e0 le d\u00e9luge, salut\u00a0!\u00a0\u00bb<span id=\"2803\" class=\"cit-num\">2803<\/span><\/p>\n<p class=\"auteur\">Louis <span class=\"caps\">ARAGON<\/span> (1897-1982), \u00ab\u00a0Je vous salue ma France\u2026\u00a0\u00bb (1943). <em>L\u2019\u0153uvre po\u00e9tique<\/em>, volume X (1974), Aragon<\/p>\n<\/blockquote>\n<p>Aragon s\u2019est engag\u00e9, communiste d\u2019abord, r\u00e9sistant ensuite. Ses vers, \u0153uvres de circonstance au meilleur sens du terme, sont cit\u00e9s par le g\u00e9n\u00e9ral de Gaulle \u00e0 la radio de Londres (\u2026)<\/p>\n<blockquote>\n<p class=\"citation-small\">\u00ab\u00a0Or, du fond de la nuit, nous t\u00e9moignons encore<br>De la splendeur du jour et de tous ses pr\u00e9sents.<br>Si nous ne dormons pas, c\u2019est pour guetter l\u2019aurore<br>Qui prouvera qu\u2019enfin nous vivons au pr\u00e9sent.\u00a0\u00bb<span id=\"2804\" class=\"cit-num\">2804<\/span><\/p>\n<p class=\"auteur\">Robert <span class=\"caps\">DESNOS<\/span> (1900-1945), \u00ab\u00a0Demain\u00a0\u00bb,<em> \u00c9tat de veille<\/em> (1943)<\/p>\n<\/blockquote>\n<p>(\u2026) Les Fran\u00e7ais souffrent plus que jamais en 1943\u00a0: l\u2019ordre allemand s\u2019impose avec les <span class=\"caps\">SS<\/span> et la Gestapo, les restrictions, le syst\u00e8me des otages, les d\u00e9portations, les d\u00e9lations. \u00ab\u00a0Nous parlons \u00e0 voix basse et nous tendons l\u2019oreille [\u2026] \/ \u00c2g\u00e9 de cent mille ans, j\u2019aurai encore la force \/ De t\u2019attendre, \u00f4 demain pressenti par l\u2019espoir.\u00a0\u00bb Desnos mourra en d\u00e9portation.<\/p>\n<blockquote>\n<p class=\"citation-small\">\u00ab\u00a0En combattant, la classe ouvri\u00e8re ne se coupe pas de la nation, au contraire [\u2026] La cessation collective du travail, \u00e0 ce moment-l\u00e0, devient une action sociale et patriotique.\u00a0\u00bb<span id=\"2805&lt;br \/&gt;\" class=\"cit-num\">2805<br><\/span><\/p>\n<p class=\"auteur\">Appel de la <span class=\"caps\">CGT<\/span> aux ouvriers, manifeste du 12 d\u00e9cembre 1943. <em>Esquisse d\u2019une histoire de la <span class=\"caps\">CGT<\/span>, 1895-1965<\/em> (1967), Jean Bruhat, Marc Piolot<\/p>\n<\/blockquote>\n<p>Dissoute officiellement le 9 novembre 1940 par le gouvernement de Vichy, la Conf\u00e9d\u00e9ration g\u00e9n\u00e9rale du travail (<span class=\"caps\">CGT<\/span>) se reconstitue dans la clandestinit\u00e9 en octobre 1943. Dans toute l\u2019Europe occup\u00e9e, les communistes vont r\u00e9pondre \u00e0 l\u2019appel de Staline pour aider l\u2019<span class=\"caps\">URSS<\/span> en difficult\u00e9 (\u2026)<\/p>\n<\/div>\n<style>\r\n        a .cit-num {\r\n            text-decoration: none !important;\r\n            color: inherit !important;\r\n        }\r\n    <\/style>","protected":false},"excerpt":{"rendered":"<p>\u00a0 Seconde Guerre Mondiale Pr\u00e9parer l\u2019apr\u00e8s-guerre De Gaulle, identifiant son destin \u00e0 celui de la France, ne se contente pas de combattre. Il pr\u00e9pare les bases d\u2019un r\u00e9gime nouveau qu\u2019il voudrait sans plus de coalitions d\u2019int\u00e9r\u00eats ni de privil\u00e8ges,\u00a0 et cherche d\u00e9j\u00e0 \u00e0 \u00e9viter la tutelle militaire des Alli\u00e9s une fois l&#8217;Allemagne vaincue. Les commentaires [&#8230;]<\/p>\n","protected":false},"author":1,"featured_media":0,"comment_status":"open","ping_status":"open","sticky":false,"template":"","format":"standard","meta":{"site-sidebar-layout":"default","site-content-layout":"","ast-site-content-layout":"default","site-content-style":"default","site-sidebar-style":"default","ast-global-header-display":"","ast-banner-title-visibility":"","ast-main-header-display":"","ast-hfb-above-header-display":"","ast-hfb-below-header-display":"","ast-hfb-mobile-header-display":"","site-post-title":"","ast-breadcrumbs-content":"","ast-featured-img":"","footer-sml-layout":"","theme-transparent-header-meta":"","adv-header-id-meta":"","stick-header-meta":"","header-above-stick-meta":"","header-main-stick-meta":"","header-below-stick-meta":"","astra-migrate-meta-layouts":"default","ast-page-background-enabled":"default","ast-page-background-meta":{"desktop":{"background-color":"var(--ast-global-color-5)","background-image":"","background-repeat":"repeat","background-position":"center center","background-size":"auto","background-attachment":"scroll","background-type":"","background-media":"","overlay-type":"","overlay-color":"","overlay-opacity":"","overlay-gradient":""},"tablet":{"background-color":"","background-image":"","background-repeat":"repeat","background-position":"center center","background-size":"auto","background-attachment":"scroll","background-type":"","background-media":"","overlay-type":"","overlay-color":"","overlay-opacity":"","overlay-gradient":""},"mobile":{"background-color":"","background-image":"","background-repeat":"repeat","background-position":"center center","background-size":"auto","background-attachment":"scroll","background-type":"","background-media":"","overlay-type":"","overlay-color":"","overlay-opacity":"","overlay-gradient":""}},"ast-content-background-meta":{"desktop":{"background-color":"var(--ast-global-color-4)","background-image":"","background-repeat":"repeat","background-position":"center center","background-size":"auto","background-attachment":"scroll","background-type":"","background-media":"","overlay-type":"","overlay-color":"","overlay-opacity":"","overlay-gradient":""},"tablet":{"background-color":"var(--ast-global-color-4)","background-image":"","background-repeat":"repeat","background-position":"center center","background-size":"auto","background-attachment":"scroll","background-type":"","background-media":"","overlay-type":"","overlay-color":"","overlay-opacity":"","overlay-gradient":""},"mobile":{"background-color":"var(--ast-global-color-4)","background-image":"","background-repeat":"repeat","background-position":"center center","background-size":"auto","background-attachment":"scroll","background-type":"","background-media":"","overlay-type":"","overlay-color":"","overlay-opacity":"","overlay-gradient":""}},"iawp_total_views":3,"footnotes":""},"categories":[7],"tags":[],"class_list":["post-8132","post","type-post","status-publish","format-standard","hentry","category-chronique-du-jour"],"_links":{"self":[{"href":"https:\/\/histoire-en-citations.fr\/WP\/wp-json\/wp\/v2\/posts\/8132","targetHints":{"allow":["GET"]}}],"collection":[{"href":"https:\/\/histoire-en-citations.fr\/WP\/wp-json\/wp\/v2\/posts"}],"about":[{"href":"https:\/\/histoire-en-citations.fr\/WP\/wp-json\/wp\/v2\/types\/post"}],"author":[{"embeddable":true,"href":"https:\/\/histoire-en-citations.fr\/WP\/wp-json\/wp\/v2\/users\/1"}],"replies":[{"embeddable":true,"href":"https:\/\/histoire-en-citations.fr\/WP\/wp-json\/wp\/v2\/comments?post=8132"}],"version-history":[{"count":2,"href":"https:\/\/histoire-en-citations.fr\/WP\/wp-json\/wp\/v2\/posts\/8132\/revisions"}],"predecessor-version":[{"id":12798,"href":"https:\/\/histoire-en-citations.fr\/WP\/wp-json\/wp\/v2\/posts\/8132\/revisions\/12798"}],"wp:attachment":[{"href":"https:\/\/histoire-en-citations.fr\/WP\/wp-json\/wp\/v2\/media?parent=8132"}],"wp:term":[{"taxonomy":"category","embeddable":true,"href":"https:\/\/histoire-en-citations.fr\/WP\/wp-json\/wp\/v2\/categories?post=8132"},{"taxonomy":"post_tag","embeddable":true,"href":"https:\/\/histoire-en-citations.fr\/WP\/wp-json\/wp\/v2\/tags?post=8132"}],"curies":[{"name":"wp","href":"https:\/\/api.w.org\/{rel}","templated":true}]}}