{"id":8135,"date":"2020-01-10T11:46:35","date_gmt":"2020-01-10T10:46:35","guid":{"rendered":"https:\/\/histoire-en-citations.fr\/WP\/2025\/06\/26\/pierre-laval-ils-ont-leur-conception-du-patriotisme-moi-jai-la-mienne-et-je-ne-suis-pas-sur-davoir-raison\/"},"modified":"2025-08-12T08:43:37","modified_gmt":"2025-08-12T06:43:37","slug":"pierre-laval-ils-ont-leur-conception-du-patriotisme-moi-jai-la-mienne-et-je-ne-suis-pas-sur-davoir-raison","status":"publish","type":"post","link":"https:\/\/histoire-en-citations.fr\/WP\/pierre-laval-ils-ont-leur-conception-du-patriotisme-moi-jai-la-mienne-et-je-ne-suis-pas-sur-davoir-raison\/","title":{"rendered":"Pierre Laval : \u00ab Ils ont leur conception du patriotisme. Moi j&#039;ai la mienne et je ne suis pas s\u00fbr d&#039;avoir raison. \u00bb"},"content":{"rendered":"<div class=\"field-item even\">\n<p>\u00a0<\/p>\n<h4>Seconde Guerre Mondiale<\/h4>\n<p><strong>La R\u00e9sistance<\/strong><\/p>\n<div class=\"encart\">\n<p>La France d\u00e9chir\u00e9e de cette \u00e9poque troubl\u00e9e multiple les exemples d\u2019h\u00e9ro\u00efsme au quotidien, souvent anonymes, de ralliements plus ou moins tardifs (tels les communistes \u00e0 l\u2019appel de Staline), de trahisons et de d\u00e9nonciations.<\/p>\n<\/div>\n<p><em>Les commentaires sont all\u00e9g\u00e9s, les coupes signal\u00e9es (\u2026) <a href=\"https:\/\/histoire-en-citations.fr\/WP\/boutique\/\" target=\"_blank\">Retrouvez l\u2019int\u00e9gralit\u00e9 dans nos Chroniques de l\u2019Histoire en citations<\/a>.<\/em><\/p>\n<blockquote>\n<p class=\"citation citation-small\"><span class=\"enonce\">\u00ab\u00a0Ils ont leur conception du patriotisme. Moi j\u2019ai la mienne et je ne suis pas s\u00fbr d\u2019avoir raison.\u00a0\u00bb<span id=\"2793\" class=\"cit-num\">2793<\/span><\/span><\/p>\n<p class=\"auteur\"><span data-href=\"\/auteurs\/pierre-laval\"><span class=\"author\"><span class=\"surname\">Pierre <\/span><span class=\"name\"><span class=\"caps\">LAVAL<\/span><\/span><\/span><\/span> (1883-1945)<\/p>\n<p class=\"source\"><cite>Les Grands Dossiers de l\u2019histoire contemporaine<\/cite> (1962), Robert Aron.<\/p>\n<\/blockquote>\n<p>Le chef du gouvernement de Vichy r\u00e9pond \u00e0 qui stigmatise comme une trahison le ralliement aux Alli\u00e9s de l\u2019amiral Darlan avec les Forces fran\u00e7aises d\u2019Afrique du Nord, apr\u00e8s le d\u00e9barquement du 8 novembre 1942 (\u2026)<\/p>\n<blockquote>\n<p class=\"citation-small\">\u00ab\u00a0Il est un autre droit que nous revendiquons, c\u2019est d\u2019indiquer ceux qui trahissent.\u00a0\u00bb<span id=\"2794\" class=\"cit-num\">2794<\/span><\/p>\n<p class=\"auteur\">Robert <span class=\"caps\">BRASILLACH<\/span> (1909-1945). <em>La Force de l\u2019\u00e2ge<\/em> (1960), Simone de Beauvoir<\/p>\n<\/blockquote>\n<p>La d\u00e9lation est la forme la plus inf\u00e2me, parce que la plus l\u00e2che de la collaboration (\u2026)<\/p>\n<p>(\u2026) La chasse aux r\u00e9sistants, de plus en plus nombreux et organis\u00e9s, se radicalise, en janvier 1943, avec la Milice, police suppl\u00e9tive de volontaires charg\u00e9s de les traquer.<\/p>\n<p>Cependant que le Service du travail obligatoire (<span class=\"caps\">STO<\/span>) institu\u00e9 en f\u00e9vrier va augmenter consid\u00e9rablement le nombre de \u00ab\u00a0ceux qui trahissent\u00a0\u00bb (d\u00e9nonc\u00e9s fr\u00e9n\u00e9tiquement par Brasillach) pour ne pas aller travailler en Allemagne (\u2026)<\/p>\n<blockquote>\n<p class=\"citation-small\">\u00ab\u00a0Les plaies, la neige, la faim, les poux, la soif\u00a0; puis la soif, la faim, les poux, la neige, les maladies et les plaies [\u2026] l\u2019hallucination qui fait prendre la schlague meurtri\u00e8re des kapos pour un b\u00e2ton de chocolat, le petit morceau de bois ind\u00e9finiment suc\u00e9, le corps qui n\u2019est plus que faim [\u2026] la faim a \u00e9t\u00e9 la compagne quotidienne des d\u00e9port\u00e9s jusqu\u2019\u00e0 la limite de la mort.\u00a0\u00bb<span id=\"2795\" class=\"cit-num\">2795<\/span><\/p>\n<p class=\"auteur\">Andr\u00e9 <span class=\"caps\">MALRAUX<\/span> (1901-1976), <em>Antim\u00e9moires<\/em> (1967)<\/p>\n<\/blockquote>\n<p>Risque extr\u00eame du \u00ab\u00a0m\u00e9tier\u00a0\u00bb de r\u00e9sistant. On estime \u00e0 100 000 le nombre de d\u00e9port\u00e9s civils pour raisons politiques, parmi les Fran\u00e7ais. Mais certains qui \u00e9taient pris mouraient avant.<\/p>\n<blockquote>\n<p class=\"citation-small\">\u00ab\u00a0Bafou\u00e9, sauvagement frapp\u00e9, la t\u00eate en sang, les organes \u00e9clat\u00e9s, il atteint les limites de la souffrance humaine, sans jamais trahir un seul secret, lui qui les savait tous.\u00a0\u00bb<span id=\"2796\" class=\"cit-num\">2796<\/span><\/p>\n<p class=\"auteur\">Laure <span class=\"caps\">MOULIN<\/span> (1892-1974), s\u0153ur et collaboratrice de Jean Moulin, t\u00e9moignage.<em> Antim\u00e9moires\u00a0: Le Miroir des limbes<\/em>, volume I (1976), Andr\u00e9 Malraux<\/p>\n<\/blockquote>\n<p>Parachut\u00e9 en France au d\u00e9but de l\u2019ann\u00e9e 1942, Jean Moulin va unifier les r\u00e9seaux de la zone sud et obtient le ralliement des communistes, particuli\u00e8rement pr\u00e9cieux par leur discipline et leur exp\u00e9rience de la clandestinit\u00e9. Il cr\u00e9e \u00e0 Paris, le 27 mai 1943, le Conseil national de la R\u00e9sistance (<span class=\"caps\">CNR<\/span>), mais il est livr\u00e9 aux Allemands le 21 juin \u00e0 Caluire (Rh\u00f4ne), emprisonn\u00e9 au fort de Montluc (\u00e0 Lyon) et meurt quelques jours apr\u00e8s des suites de tortures, dans le train qui l\u2019emm\u00e8ne en Allemagne.<\/p>\n<blockquote>\n<p class=\"citation-small\">\u00ab\u00a0Pauvre roi supplici\u00e9 des ombres, regarde ton peuple d\u2019ombres se lever dans la nuit de juin constell\u00e9e de tortures.\u00a0\u00bb<span id=\"2797\" class=\"cit-num\">2797<\/span><\/p>\n<p class=\"auteur\">Andr\u00e9 <span class=\"caps\">MALRAUX<\/span> (1901-1976), Discours au Panth\u00e9on, lors du transfert des cendres de Jean Moulin, 19 d\u00e9cembre 1964. <em>Andr\u00e9 Malraux et la politique\u00a0: L\u2019\u00eatre et l\u2019Histoire<\/em> (1996), Dominique Villemot<\/p>\n<\/blockquote>\n<p>(\u2026) Cette \u00ab\u00a0panth\u00e9onisation\u00a0\u00bb, reconnaissance supr\u00eame de la patrie \u00e0 ses h\u00e9ros, est l\u2019acte final des c\u00e9l\u00e9brations du 20e anniversaire de la Lib\u00e9ration. Jean Moulin, coordinateur des r\u00e9seaux de R\u00e9sistance en m\u00e9tropole, en fut \u00e0 la fois le chef, le martyr, et le symbole.<\/p>\n<blockquote>\n<p class=\"citation-small\">\u00ab\u00a0Ami, entends-tu<br>Le vol noir<br>Des corbeaux<br>Sur nos plaines\u00a0?<br>Ami, entends-tu<br>Ces cris sourds<br>Du pays<br>Qu\u2019on encha\u00eene\u00a0?\u00a0\u00bb<span id=\"2798\" class=\"cit-num\">2798<\/span><\/p>\n<p class=\"auteur\">Joseph <span class=\"caps\">KESSEL<\/span> (1898-1979) et Maurice <span class=\"caps\">DRUON<\/span> (1918-2009), neveu de Kessel, paroles, et Anna <span class=\"caps\">MARLY<\/span> (1917-2006), musique, <em>Le Chant des partisans<\/em> (1943)<\/p>\n<\/blockquote>\n<p>Chant de la R\u00e9sistance, compos\u00e9 \u00e0 Londres, siffl\u00e9 par Claude Dauphin \u00e0 la <span class=\"caps\">BBC<\/span>, largu\u00e9 par la <span class=\"caps\">RAF<\/span> (<em>Royal Air Force<\/em>, force a\u00e9rienne royale) sur la France occup\u00e9e, cr\u00e9\u00e9 par Germaine Sablon (dans le film Pourquoi nous combattons), et repris par Yves Montand, entre autres interpr\u00e8tes (\u2026)<\/p>\n<\/div>\n<style>\r\n        a .cit-num {\r\n            text-decoration: none !important;\r\n            color: inherit !important;\r\n        }\r\n    <\/style>","protected":false},"excerpt":{"rendered":"<p>\u00a0 Seconde Guerre Mondiale La R\u00e9sistance La France d\u00e9chir\u00e9e de cette \u00e9poque troubl\u00e9e multiple les exemples d\u2019h\u00e9ro\u00efsme au quotidien, souvent anonymes, de ralliements plus ou moins tardifs (tels les communistes \u00e0 l\u2019appel de Staline), de trahisons et de d\u00e9nonciations. Les commentaires sont all\u00e9g\u00e9s, les coupes signal\u00e9es (&#8230;) Retrouvez l&#8217;int\u00e9gralit\u00e9 dans nos Chroniques de l&#8217;Histoire en [&#8230;]<\/p>\n","protected":false},"author":1,"featured_media":0,"comment_status":"open","ping_status":"open","sticky":false,"template":"","format":"standard","meta":{"site-sidebar-layout":"default","site-content-layout":"","ast-site-content-layout":"default","site-content-style":"default","site-sidebar-style":"default","ast-global-header-display":"","ast-banner-title-visibility":"","ast-main-header-display":"","ast-hfb-above-header-display":"","ast-hfb-below-header-display":"","ast-hfb-mobile-header-display":"","site-post-title":"","ast-breadcrumbs-content":"","ast-featured-img":"","footer-sml-layout":"","theme-transparent-header-meta":"","adv-header-id-meta":"","stick-header-meta":"","header-above-stick-meta":"","header-main-stick-meta":"","header-below-stick-meta":"","astra-migrate-meta-layouts":"default","ast-page-background-enabled":"default","ast-page-background-meta":{"desktop":{"background-color":"var(--ast-global-color-5)","background-image":"","background-repeat":"repeat","background-position":"center center","background-size":"auto","background-attachment":"scroll","background-type":"","background-media":"","overlay-type":"","overlay-color":"","overlay-opacity":"","overlay-gradient":""},"tablet":{"background-color":"","background-image":"","background-repeat":"repeat","background-position":"center center","background-size":"auto","background-attachment":"scroll","background-type":"","background-media":"","overlay-type":"","overlay-color":"","overlay-opacity":"","overlay-gradient":""},"mobile":{"background-color":"","background-image":"","background-repeat":"repeat","background-position":"center center","background-size":"auto","background-attachment":"scroll","background-type":"","background-media":"","overlay-type":"","overlay-color":"","overlay-opacity":"","overlay-gradient":""}},"ast-content-background-meta":{"desktop":{"background-color":"var(--ast-global-color-4)","background-image":"","background-repeat":"repeat","background-position":"center center","background-size":"auto","background-attachment":"scroll","background-type":"","background-media":"","overlay-type":"","overlay-color":"","overlay-opacity":"","overlay-gradient":""},"tablet":{"background-color":"var(--ast-global-color-4)","background-image":"","background-repeat":"repeat","background-position":"center center","background-size":"auto","background-attachment":"scroll","background-type":"","background-media":"","overlay-type":"","overlay-color":"","overlay-opacity":"","overlay-gradient":""},"mobile":{"background-color":"var(--ast-global-color-4)","background-image":"","background-repeat":"repeat","background-position":"center center","background-size":"auto","background-attachment":"scroll","background-type":"","background-media":"","overlay-type":"","overlay-color":"","overlay-opacity":"","overlay-gradient":""}},"iawp_total_views":9,"footnotes":""},"categories":[7],"tags":[],"class_list":["post-8135","post","type-post","status-publish","format-standard","hentry","category-chronique-du-jour"],"_links":{"self":[{"href":"https:\/\/histoire-en-citations.fr\/WP\/wp-json\/wp\/v2\/posts\/8135","targetHints":{"allow":["GET"]}}],"collection":[{"href":"https:\/\/histoire-en-citations.fr\/WP\/wp-json\/wp\/v2\/posts"}],"about":[{"href":"https:\/\/histoire-en-citations.fr\/WP\/wp-json\/wp\/v2\/types\/post"}],"author":[{"embeddable":true,"href":"https:\/\/histoire-en-citations.fr\/WP\/wp-json\/wp\/v2\/users\/1"}],"replies":[{"embeddable":true,"href":"https:\/\/histoire-en-citations.fr\/WP\/wp-json\/wp\/v2\/comments?post=8135"}],"version-history":[{"count":2,"href":"https:\/\/histoire-en-citations.fr\/WP\/wp-json\/wp\/v2\/posts\/8135\/revisions"}],"predecessor-version":[{"id":12799,"href":"https:\/\/histoire-en-citations.fr\/WP\/wp-json\/wp\/v2\/posts\/8135\/revisions\/12799"}],"wp:attachment":[{"href":"https:\/\/histoire-en-citations.fr\/WP\/wp-json\/wp\/v2\/media?parent=8135"}],"wp:term":[{"taxonomy":"category","embeddable":true,"href":"https:\/\/histoire-en-citations.fr\/WP\/wp-json\/wp\/v2\/categories?post=8135"},{"taxonomy":"post_tag","embeddable":true,"href":"https:\/\/histoire-en-citations.fr\/WP\/wp-json\/wp\/v2\/tags?post=8135"}],"curies":[{"name":"wp","href":"https:\/\/api.w.org\/{rel}","templated":true}]}}