{"id":8170,"date":"2020-02-05T00:00:00","date_gmt":"2020-02-04T23:00:00","guid":{"rendered":"https:\/\/histoire-en-citations.fr\/WP\/2025\/06\/26\/baudrillard-comme-la-societe-du-moyen-age-sequilibrait-sur-dieu-et-sur-le-diable-ainsi-la-notre-sequilibre-sur-la-consommation-et-sur-sa-denonciation\/"},"modified":"2025-08-12T08:43:37","modified_gmt":"2025-08-12T06:43:37","slug":"baudrillard-comme-la-societe-du-moyen-age-sequilibrait-sur-dieu-et-sur-le-diable-ainsi-la-notre-sequilibre-sur-la-consommation-et-sur-sa-denonciation","status":"publish","type":"post","link":"https:\/\/histoire-en-citations.fr\/WP\/baudrillard-comme-la-societe-du-moyen-age-sequilibrait-sur-dieu-et-sur-le-diable-ainsi-la-notre-sequilibre-sur-la-consommation-et-sur-sa-denonciation\/","title":{"rendered":"Baudrillard : \u00ab Comme la soci\u00e9t\u00e9 du Moyen \u00c2ge s&rsquo;\u00e9quilibrait sur Dieu ET sur le diable, ainsi la n\u00f4tre s&rsquo;\u00e9quilibre sur la consommation ET sur sa d\u00e9nonciation. \u00bb"},"content":{"rendered":"<div class=\"field-item even\">\n<p>\u00a0<\/p>\n<h4>Cinqui\u00e8me R\u00e9publique<\/h4>\n<h3>Prologue<\/h3>\n<p><strong>Soci\u00e9t\u00e9, loisirs, culture<\/strong><\/p>\n<p><em>Les commentaires sont all\u00e9g\u00e9s, les coupes signal\u00e9es (\u2026) <a href=\"https:\/\/histoire-en-citations.fr\/WP\/boutique\/\" target=\"_blank\" rel=\"noopener\">Retrouvez l\u2019int\u00e9gralit\u00e9 dans nos Chroniques de l\u2019Histoire en citations<\/a>.<\/em><\/p>\n<blockquote>\n<p class=\"citation citation-small\"><span class=\"enonce\">\u00ab\u00a0Comme la soci\u00e9t\u00e9 du Moyen \u00c2ge s\u2019\u00e9quilibrait sur Dieu <span class=\"caps\">ET<\/span> sur le diable, ainsi la n\u00f4tre s\u2019\u00e9quilibre sur la consommation <span class=\"caps\">ET<\/span> sur sa d\u00e9nonciation.\u00a0\u00bb<span id=\"2947\" class=\"cit-num\">2947<\/span><\/span><\/p>\n<p class=\"auteur\"><span data-href=\"\/auteurs\/jean-baudrillard\"><span class=\"author\"><span class=\"surname\">Jean <\/span><span class=\"name\"><span class=\"caps\">BAUDRILLARD<\/span><\/span><\/span><\/span> (1929-2007), <cite>Le Syst\u00e8me des objets<\/cite> (1972)<\/p>\n<\/blockquote>\n<p class=\"ressi\">Apr\u00e8s la <span class=\"caps\">IV<\/span>e R\u00e9publique \u2013 celle du d\u00e9marrage industriel \u2013, la Ve est celle de la \u00ab\u00a0soci\u00e9t\u00e9 de consommation\u00a0\u00bb.<\/p>\n<p>Le niveau de vie est en progr\u00e8s, mais il s\u2019accompagne de retomb\u00e9es f\u00e2cheuses. Progr\u00e8s ou ali\u00e9nation\u00a0?<\/p>\n<p>Progr\u00e8s et ali\u00e9nation. \u00ab\u00a0Ne sommes-nous pas la proie d\u2019un encombrement mortel\u00a0? Nous avons besoin d\u2019un nombre croissant d\u2019objets pour faire figure d\u2019homme\u00a0\u00bb (Michel Deguy).<\/p>\n<blockquote>\n<p class=\"citation-small\">\u00ab\u00a0Selon notre mani\u00e8re de compter, nous nous enrichirions en faisant des Tuileries un parking payant et de Notre-Dame un immeuble de bureaux.\u00a0\u00bb<span id=\"2948\" class=\"cit-num\">2948<\/span><\/p>\n<p class=\"auteur\">Bertrand de <span class=\"caps\">JOUVENEL<\/span> (1903-1987),<em> Arcadie\u00a0: Essais sur le mieux-vivre<\/em> (1968)<\/p>\n<\/blockquote>\n<p>L\u2019urbanisme des \u00ab\u00a0ann\u00e9es b\u00e9ton\u00a0\u00bb, qui a certes donn\u00e9 plus de confort \u00e0 des classes jusqu\u2019alors tr\u00e8s d\u00e9favoris\u00e9es, a commis quelques crimes de l\u00e8se-civilisation, au centre ou aux abords des villes (\u2026)<\/p>\n<blockquote>\n<p class=\"citation-small\">M\u00e9tro-boulot-dodo.<span id=\"2949\" class=\"cit-num\">2949<\/span><\/p>\n<p class=\"auteur\">Pierre <span class=\"caps\">B\u00c9ARN<\/span> (1902-2004), <em>Couleurs d\u2019usine<\/em>, po\u00e8mes (1951)<\/p>\n<\/blockquote>\n<p>L\u2019expression est emprunt\u00e9e \u00e0 ce po\u00e8me publi\u00e9 chez Seghers. Une strophe d\u00e9crivait ainsi la monotonie quotidienne du travail en usine\u00a0: \u00ab\u00a0Au d\u00e9boul\u00e9 gar\u00e7on pointe ton num\u00e9ro \/ Pour gagner ainsi le salaire \/ D\u2019un \u00e9norme jour utilitaire \/ M\u00e9tro, boulot, bistrot, m\u00e9gots, dodo, z\u00e9ro.\u00a0\u00bb<\/p>\n<p>Le texte, tir\u00e9 \u00e0 deux mille exemplaires au th\u00e9\u00e2tre de l\u2019Od\u00e9on, est distribu\u00e9 \u00e0 la foule des \u00e9tudiants (\u2026)<\/p>\n<blockquote>\n<p class=\"citation-small\">On ne tombe pas amoureux d\u2019un taux de croissance.<span id=\"2950\" class=\"cit-num\">2950<\/span><\/p>\n<p class=\"auteur\">Slogan de Mai 68. <em>G\u00e9n\u00e9ration<\/em>, tome I, <em>Les Ann\u00e9es de r\u00eave<\/em> (1987), Herv\u00e9 Hamon, Patrick Rotman<\/p>\n<\/blockquote>\n<p>Une bonne raison de refuser la soci\u00e9t\u00e9 (de consommation). D\u2019ailleurs, ce sera \u00e9crit en toutes lettres sur les murs\u2026 Il y aura bien d\u2019autres raisons de r\u00e9volte, remarquablement formul\u00e9es. (Tous les slogans cit\u00e9s, dont beaucoup survivent et surgissent \u00e0 telle ou telle occasion, auront pour source cette vivante chronique du printemps 1968.)<\/p>\n<blockquote>\n<p class=\"citation-small\">J\u2019emmerde la soci\u00e9t\u00e9, mais elle me le rend bien.<span id=\"2951\" class=\"cit-num\">2951<\/span><\/p>\n<p class=\"auteur\">Slogan de Mai 68<\/p>\n<\/blockquote>\n<p>On a pu lire bien d\u2019autres revendications, tout et le contraire de tout et vice versa. C\u2019est de bonne guerre, dans ce genre de situation explosive.<\/p>\n<blockquote>\n<p class=\"citation-small\">D\u00e9fense de ne pas afficher.<br>L\u2019imagination au pouvoir.<br>Exag\u00e9rer, c\u2019est commencer d\u2019inventer.<br>Prenez vos d\u00e9sirs pour des r\u00e9alit\u00e9s.<br>Faites l\u2019amour, pas la guerre.<span id=\"2952\" class=\"cit-num\">2952<\/span><\/p>\n<p class=\"auteur\">Slogans de Mai 68<\/p>\n<\/blockquote>\n<p>Les sociologues ont comment\u00e9 \u00e0 l\u2019infini ces mots qui restent dans la m\u00e9moire collective, bien au-del\u00e0 de la g\u00e9n\u00e9ration spontan\u00e9e qui les cr\u00e9a, entre barricades bon enfant, manifs en cha\u00eene et gr\u00e8ves de la joie.<\/p>\n<blockquote>\n<p class=\"citation-small\">\u00ab\u00a0Nous ne parvenons pas \u00e0 accomplir des r\u00e9formes autrement qu\u2019en faisant semblant de faire des r\u00e9volutions.\u00a0\u00bb<span id=\"2953\" class=\"cit-num\">2953<\/span><\/p>\n<p class=\"auteur\">Jacques <span class=\"caps\">CHABAN<\/span>\u2013<span class=\"caps\">DELMAS<\/span> (1915-2000), Assembl\u00e9e nationale, 16 septembre 1969. <em>M\u00e9moires pour demain<\/em> (1997), Jacques Chaban-Delmas<\/p>\n<\/blockquote>\n<p>Le Premier ministre songe naturellement aux \u00e9v\u00e9nements de Mai 68, constatant de fa\u00e7on plus g\u00e9n\u00e9rale que \u00ab\u00a0la soci\u00e9t\u00e9 fran\u00e7aise n\u2019est pas encore parvenue \u00e0 \u00e9voluer autrement que par crises majeures\u00a0\u00bb. <\/p>\n<p>C\u2019est un mal fran\u00e7ais, maintes fois diagnostiqu\u00e9. Contre les \u00ab\u00a0conservatismes\u00a0\u00bb et les \u00ab\u00a0blocages\u00a0\u00bb, il propose sa \u00ab\u00a0nouvelle soci\u00e9t\u00e9\u00a0\u00bb.<\/p>\n<blockquote>\n<p class=\"citation-small\">\u00ab\u00a0La critique gauchiste, si radicale ou excessive soit-elle, a au moins le m\u00e9rite d\u2019\u00e9branler la bonne conscience des privil\u00e9gi\u00e9s.\u00a0\u00bb<span id=\"2954\" class=\"cit-num\">2954<\/span><\/p>\n<p class=\"auteur\">Raymond <span class=\"caps\">ARON<\/span> (1905-1983), <em>Le Figaro<\/em>, d\u00e9but mars 1972. <em>G\u00e9n\u00e9ration<\/em>, tome <span class=\"caps\">II<\/span>,<em> Les Ann\u00e9es de poudre<\/em> (1988), Herv\u00e9 Hamon, Patrick Rotman<\/p>\n<\/blockquote>\n<p>Le gauchisme survit largement \u00e0 Mai 68.<\/p>\n<p>Apr\u00e8s les \u00ab\u00a0ann\u00e9es de r\u00eave\u00a0\u00bb viennent les \u00ab\u00a0ann\u00e9es de poudre\u00a0\u00bb (selon l\u2019expression de Hamon et Rotman), avec des formes de contestation souvent tr\u00e8s dures\u00a0: gr\u00e8ves, attentats, prises de position dans une presse extr\u00e9miste (\u2026)<\/p>\n<blockquote>\n<p class=\"citation-small\">\u00ab\u00a0La t\u00e9l\u00e9vision, c\u2019est le gouvernement dans la salle \u00e0 manger de chaque Fran\u00e7ais.\u00a0\u00bb<span id=\"2955\" class=\"cit-num\">2955<\/span><\/p>\n<p class=\"auteur\">Alain <span class=\"caps\">PEYREFITTE<\/span> (1925-1999). <em>La T\u00e9l\u00e9vision et ses promesses<\/em> (1960), Andr\u00e9 Brincourt<\/p>\n<\/blockquote>\n<p>Parole du ministre de l\u2019Information. C\u2019est un mot qui date. On pourrait presque parler d\u2019\u00ab\u00a0Ancien r\u00e9gime\u00a0\u00bb. Les mass media, t\u00e9l\u00e9 en t\u00eate, font pour le pire et le meilleur la r\u00e9volution culturelle des temps modernes. La \u00ab\u00a0t\u00e9l\u00e9cratie\u00a0\u00bb, fait de soci\u00e9t\u00e9 aussi indiscutable que discut\u00e9, c\u2019est d\u2019abord le <span class=\"caps\">JT<\/span> (Journal t\u00e9l\u00e9vis\u00e9) devenu grand-messe (bi)quotidienne (\u2026)<\/p>\n<blockquote>\n<p class=\"citation-small\">\u00ab\u00a0Ce que nous voulons, c\u2019est inventer en permanence de l\u2019utopie concr\u00e8te.\u00a0\u00bb<span id=\"2956\" class=\"cit-num\">2956<\/span><\/p>\n<p class=\"auteur\">Gilbert <span class=\"caps\">TRIGANO<\/span> (1920-2001). <em>Manager en toutes lettres<\/em> (2009), Fran\u00e7ois A\u00e9lion<\/p>\n<\/blockquote>\n<p>Manager tr\u00e8s m\u00e9diatis\u00e9 du Club M\u00e9diterran\u00e9e, ex-militant communiste r\u00eavant de faire du Club une \u00ab\u00a0soci\u00e9t\u00e9 sans classe, sans fronti\u00e8re, sans lois\u00a0\u00bb et \u00ab\u00a0d\u2019y faire vivre nos adh\u00e9rents dans une \u00e9conomie et une psychologie d\u2019abondance\u00a0\u00bb, il cr\u00e9e une forme de vacances qui s\u00e9duira des \u00ab\u00a0gentils membres\u00a0\u00bb par millions (\u2026)<\/p>\n<blockquote>\n<p class=\"citation-small\">\u00ab\u00a0Cinquante ans apr\u00e8s la r\u00e9volution d\u2019Octobre, le cin\u00e9ma am\u00e9ricain r\u00e8gne sur le cin\u00e9ma mondial [\u2026] \u00c0 notre \u00e9chelon modeste, nous devons nous aussi cr\u00e9er deux ou trois Vietnams [\u2026] et tant \u00e9conomiquement qu\u2019esth\u00e9tiquement, c\u2019est-\u00e0-dire en luttant sur deux fronts, cr\u00e9er des cin\u00e9mas nationaux, libres, fr\u00e8res, camarades et amis.\u00a0\u00bb<span id=\"2957\" class=\"cit-num\">2957<\/span><\/p>\n<p class=\"auteur\">Jean-Luc <span class=\"caps\">GODARD<\/span> (n\u00e9 en 1930), pr\u00e9sentant <em>La Chinoise<\/em> en 1967. <em>Encyclop\u00e6dia Universalis<\/em>, article\u00a0: \u00ab\u00a0Godard (Jean-Luc)\u00a0\u00bb<\/p>\n<\/blockquote>\n<p>La \u00ab\u00a0Nouvelle Vague\u00a0\u00bb na\u00eet dans les ann\u00e9es 1960. C\u2019est une expression de Fran\u00e7oise Giroud, pour d\u00e9signer les 18-30 ans dans une enqu\u00eate de <em>L\u2019Express<\/em> (5 d\u00e9cembre 1957). Le mot passe dans l\u2019histoire pour qualifier le jeune cin\u00e9ma fran\u00e7ais des Godard, Truffaut, Chabrol, Rohmer, Rivette, Agnes Varda et quelques autres (\u2026)<\/p>\n<blockquote>\n<p class=\"citation-small\">\u00ab\u00a0Parlez-vous franglais\u00a0?\u00a0\u00bb<span id=\"2958\" class=\"cit-num\">2958<\/span><\/p>\n<p class=\"auteur\">Ren\u00e9 <span class=\"caps\">\u00c9TIEMBLE<\/span> (1909-2002), titre d\u2019un essai (1964)<\/p>\n<\/blockquote>\n<p>Ce linguiste promeut le mondialisme litt\u00e9raire comme traducteur, critique, directeur de collection et universitaire, encourageant les \u00e9changes avec les \u00e9crivains et intellectuels de tous les pays, et l\u2019accueil des \u00e9tudiants \u00e9trangers (\u2026)<\/p>\n<blockquote>\n<p class=\"citation-small\">\u00ab\u00a0Les peuples sont en train de demander la culture, alors qu\u2019ils ne savent pas ce que c\u2019est.\u00a0\u00bb<span id=\"2959\" class=\"cit-num\">2959<\/span><\/p>\n<p class=\"auteur\">Andr\u00e9 <span class=\"caps\">MALRAUX<\/span> (1901-1976), ministre de la Culture, Assembl\u00e9e nationale, 27 octobre 1966. <em>La Culture et le rossignol<\/em> (1970), Marie-Claire Gousseau<\/p>\n<\/blockquote>\n<p>(\u2026) Les cr\u00e9dits restent d\u00e9risoires face aux ambitions d\u2019une culture de masse digne de ce nom. Comme le dira Jacques Duhamel passant du minist\u00e8re de l\u2019Agriculture \u00e0 celui de la Culture\u00a0: \u00ab\u00a0Ce sont les m\u00eames chiffres, mais les uns sont libell\u00e9s en nouveaux francs, alors que les autres le sont en anciens francs\u00a0\u00bb \u2013 autrement dit, cent fois inf\u00e9rieurs.<\/p>\n<blockquote>\n<p class=\"citation-small\">\u00ab\u00a0Tout est culture.\u00a0\u00bb<span id=\"2960\" class=\"cit-num\">2960<\/span><\/p>\n<p class=\"auteur\">Jack <span class=\"caps\">LANG<\/span> (n\u00e9 en 1939), ministre de la Culture, Assembl\u00e9e nationale, 17 novembre 1981. <em>Demain comme hier<\/em> (2009), Jack Lang<\/p>\n<\/blockquote>\n<p>Pr\u00e9sentant son budget et d\u00e9fendant une notion \u00e0 la fois sociale et socialiste, oppos\u00e9e \u00e0 la culture r\u00e9put\u00e9e \u00e9litiste et bourgeoise (\u2026)<\/p>\n<\/div>\n<style>\r\n        a .cit-num {\r\n            text-decoration: none !important;\r\n            color: inherit !important;\r\n        }\r\n    <\/style>","protected":false},"excerpt":{"rendered":"<p>\u00a0 Cinqui\u00e8me R\u00e9publique Prologue Soci\u00e9t\u00e9, loisirs, culture Les commentaires sont all\u00e9g\u00e9s, les coupes signal\u00e9es (&#8230;) Retrouvez l&#8217;int\u00e9gralit\u00e9 dans nos Chroniques de l&#8217;Histoire en citations. \u00ab\u00a0Comme la soci\u00e9t\u00e9 du Moyen \u00c2ge s&#8217;\u00e9quilibrait sur Dieu ET sur le diable, ainsi la n\u00f4tre s&#8217;\u00e9quilibre sur la consommation ET sur sa d\u00e9nonciation.\u00a0\u00bb2947 Jean BAUDRILLARD (1929-2007), Le Syst\u00e8me des objets [&#8230;]<\/p>\n","protected":false},"author":1,"featured_media":0,"comment_status":"open","ping_status":"open","sticky":false,"template":"","format":"standard","meta":{"site-sidebar-layout":"default","site-content-layout":"","ast-site-content-layout":"default","site-content-style":"default","site-sidebar-style":"default","ast-global-header-display":"","ast-banner-title-visibility":"","ast-main-header-display":"","ast-hfb-above-header-display":"","ast-hfb-below-header-display":"","ast-hfb-mobile-header-display":"","site-post-title":"","ast-breadcrumbs-content":"","ast-featured-img":"","footer-sml-layout":"","theme-transparent-header-meta":"default","adv-header-id-meta":"","stick-header-meta":"","header-above-stick-meta":"","header-main-stick-meta":"","header-below-stick-meta":"","astra-migrate-meta-layouts":"set","ast-page-background-enabled":"default","ast-page-background-meta":{"desktop":{"background-color":"var(--ast-global-color-5)","background-image":"","background-repeat":"repeat","background-position":"center center","background-size":"auto","background-attachment":"scroll","background-type":"","background-media":"","overlay-type":"","overlay-color":"","overlay-opacity":"","overlay-gradient":""},"tablet":{"background-color":"","background-image":"","background-repeat":"repeat","background-position":"center center","background-size":"auto","background-attachment":"scroll","background-type":"","background-media":"","overlay-type":"","overlay-color":"","overlay-opacity":"","overlay-gradient":""},"mobile":{"background-color":"","background-image":"","background-repeat":"repeat","background-position":"center center","background-size":"auto","background-attachment":"scroll","background-type":"","background-media":"","overlay-type":"","overlay-color":"","overlay-opacity":"","overlay-gradient":""}},"ast-content-background-meta":{"desktop":{"background-color":"var(--ast-global-color-4)","background-image":"","background-repeat":"repeat","background-position":"center center","background-size":"auto","background-attachment":"scroll","background-type":"","background-media":"","overlay-type":"","overlay-color":"","overlay-opacity":"","overlay-gradient":""},"tablet":{"background-color":"var(--ast-global-color-4)","background-image":"","background-repeat":"repeat","background-position":"center center","background-size":"auto","background-attachment":"scroll","background-type":"","background-media":"","overlay-type":"","overlay-color":"","overlay-opacity":"","overlay-gradient":""},"mobile":{"background-color":"var(--ast-global-color-4)","background-image":"","background-repeat":"repeat","background-position":"center center","background-size":"auto","background-attachment":"scroll","background-type":"","background-media":"","overlay-type":"","overlay-color":"","overlay-opacity":"","overlay-gradient":""}},"iawp_total_views":11,"footnotes":""},"categories":[7,586,709,1358,708,707],"tags":[],"class_list":["post-8170","post","type-post","status-publish","format-standard","hentry","category-chronique-du-jour","category-cinquieme-republique","category-culture","category-jean-baudrillard","category-loisirs","category-societe"],"_links":{"self":[{"href":"https:\/\/histoire-en-citations.fr\/WP\/wp-json\/wp\/v2\/posts\/8170","targetHints":{"allow":["GET"]}}],"collection":[{"href":"https:\/\/histoire-en-citations.fr\/WP\/wp-json\/wp\/v2\/posts"}],"about":[{"href":"https:\/\/histoire-en-citations.fr\/WP\/wp-json\/wp\/v2\/types\/post"}],"author":[{"embeddable":true,"href":"https:\/\/histoire-en-citations.fr\/WP\/wp-json\/wp\/v2\/users\/1"}],"replies":[{"embeddable":true,"href":"https:\/\/histoire-en-citations.fr\/WP\/wp-json\/wp\/v2\/comments?post=8170"}],"version-history":[{"count":3,"href":"https:\/\/histoire-en-citations.fr\/WP\/wp-json\/wp\/v2\/posts\/8170\/revisions"}],"predecessor-version":[{"id":12782,"href":"https:\/\/histoire-en-citations.fr\/WP\/wp-json\/wp\/v2\/posts\/8170\/revisions\/12782"}],"wp:attachment":[{"href":"https:\/\/histoire-en-citations.fr\/WP\/wp-json\/wp\/v2\/media?parent=8170"}],"wp:term":[{"taxonomy":"category","embeddable":true,"href":"https:\/\/histoire-en-citations.fr\/WP\/wp-json\/wp\/v2\/categories?post=8170"},{"taxonomy":"post_tag","embeddable":true,"href":"https:\/\/histoire-en-citations.fr\/WP\/wp-json\/wp\/v2\/tags?post=8170"}],"curies":[{"name":"wp","href":"https:\/\/api.w.org\/{rel}","templated":true}]}}