{"id":8222,"date":"2017-11-11T00:00:00","date_gmt":"2017-11-10T23:00:00","guid":{"rendered":"https:\/\/histoire-en-citations.fr\/WP\/2025\/06\/26\/pompidou-le-general-de-gaulle-est-mort-la-france-est-veuve-3\/"},"modified":"2025-07-19T09:11:37","modified_gmt":"2025-07-19T07:11:37","slug":"pompidou-le-general-de-gaulle-est-mort-la-france-est-veuve-3","status":"publish","type":"post","link":"https:\/\/histoire-en-citations.fr\/WP\/pompidou-le-general-de-gaulle-est-mort-la-france-est-veuve-3\/","title":{"rendered":"Pompidou : \u00ab Le g\u00e9n\u00e9ral de Gaulle est mort. La France est veuve. \u00bb"},"content":{"rendered":"<div class=\"field-item even\">\n<p>\u00a0<\/p>\n<h4>Les ann\u00e9es Pompidou, Giscard d\u2019Estaing et Mitterrand<\/h4>\n<p><strong>La mort de Charles de Gaulle<\/strong><\/p>\n<div class=\"encart\">\n<p>\u00c0 la mort de Charles de Gaulle le 9 novembre 1970, le Pr\u00e9sident Pompidou lui rend un hommage tourn\u00e9 vers l\u2019avenir\u00a0:\u00a0 \u00ab\u00a0Promettons \u00e0 la France de n\u2019\u00eatre pas indignes des le\u00e7ons qui nous ont \u00e9t\u00e9 dispens\u00e9es, et que, dans l\u2019\u00e2me nationale, de Gaulle vive \u00e9ternellement\u00a0\u00bb. Pourtant, le consensus autour de la soci\u00e9t\u00e9 gaulliste se fissure, malgr\u00e9 les tentatives de Pompidou pour concilier le gaullisme finissant avec la modernit\u00e9.<\/p>\n<\/div>\n<p><em>Les commentaires sont all\u00e9g\u00e9s, les coupes signal\u00e9es (\u2026) <a href=\"https:\/\/www.histoire-en-citations.fr\/boutique\" target=\"_blank\" rel=\"noopener\">Retrouvez l\u2019int\u00e9gralit\u00e9 dans nos Chroniques de l\u2019Histoire en citations<\/a>.<\/em><\/p>\n<blockquote>\n<p class=\"citation-small\">\u00ab\u00a0Le g\u00e9n\u00e9ral de Gaulle est mort. La France est veuve.\u00a0\u00bb<span id=\"3127\" class=\"cit-num\">3127<\/span><\/p>\n<p class=\"auteur\">Georges <span class=\"caps\">POMPIDOU<\/span> (1911-1974), D\u00e9claration du pr\u00e9sident de la R\u00e9publique, Allocution radiot\u00e9l\u00e9vis\u00e9e, 10 novembre 1970<\/p>\n<\/blockquote>\n<p class=\"ressi\">Cette mort remonte au soir du 9 novembre, alors que le g\u00e9n\u00e9ral, avant le d\u00eener, faisait une patience (jeu de cartes), dans sa r\u00e9sidence personnelle de la Boisserie, \u00e0 Colombey-les-Deux-\u00c9glises. Il est pris d\u2019un malaise, c\u2019est une rupture d\u2019an\u00e9vrisme. Il meurt 20 minutes apr\u00e8s, \u00e0 79 ans (\u2026)<\/p>\n<blockquote>\n<p class=\"citation-small\">\u00ab\u00a0Bal tragique \u00e0 Colombey\u00a0: un mort.\u00a0\u00bb<span id=\"3128\" class=\"cit-num\">3128<\/span><\/p>\n<p class=\"auteur\"><em>Hara-Kiri<\/em>, Hebdo satirique, titre pleine page du lundi 16 novembre 1970, n\u00b0 94<\/p>\n<\/blockquote>\n<p class=\"ressi\">Le 1er novembre, l\u2019incendie d\u2019un dancing a fait 146 morts et les journaux ont titr\u00e9 sur ce bal tragique. Le titre est d\u00e9tourn\u00e9, dans l\u2019esprit \u00ab\u00a0b\u00eate et m\u00e9chant\u00a0\u00bb du journal (\u2026)<\/p>\n<p>Interdiction \u00e0 l\u2019affichage le jour m\u00eame. <em>Hari-Kiri<\/em> est mort, vive<em> Charlie Hebdo<\/em> (\u2026)<\/p>\n<blockquote>\n<p class=\"citation-small\">\u00ab\u00a0La R\u00e9volution doit s\u2019arr\u00eater \u00e0 la perfection du bonheur.\u00a0\u00bb<span id=\"3129\" class=\"cit-num\">3129<\/span><\/p>\n<p class=\"auteur\">Ariane <span class=\"caps\">MNOUCHKINE<\/span> et <span class=\"caps\">SAINT<\/span>\u2013<span class=\"caps\">JUST<\/span>. Sous-titre de 1789, spectacle d\u2019Ariane <span class=\"caps\">MNOUCHKINE<\/span> (n\u00e9e en 1939), au Th\u00e9\u00e2tre du Soleil, premi\u00e8re repr\u00e9sentation, samedi 26 d\u00e9cembre 1970, \u00e0 la Cartoucherie de Vincennes. Citation emprunt\u00e9e \u00e0 Louis Antoine de <span class=\"caps\">SAINT<\/span>\u2013<span class=\"caps\">JUST<\/span> (1767-1794), compagnon de Robespierre jusqu\u2019au bout de la Terreur<\/p>\n<\/blockquote>\n<p class=\"ressi\">1789, spectacle cr\u00e9\u00e9 au Piccolo Teatro de Milan le 11 novembre 1970, peut enfin trouver place dans un lieu am\u00e9nag\u00e9 en plein bois de Vincennes, pour la compagnie de Mnouchkine (\u2026)<\/p>\n<blockquote>\n<p class=\"citation-small\">Fini de survivre, maintenant vivre. <br>Nous abolirons la tristesse. <br>Ralbol.<span id=\"3130\" class=\"cit-num\">3130<\/span><\/p>\n<p class=\"auteur\">Slogans des lyc\u00e9ens, janvier-f\u00e9vrier-mars 1971. <em>G\u00e9n\u00e9ration<\/em>, tome <span class=\"caps\">II<\/span>, <em>Les Ann\u00e9es de poudre<\/em> (1988), Herv\u00e9 Hamon, Patrick Rotman<\/p>\n<\/blockquote>\n<p class=\"ressi\">Ils font leur Mai 68 en cet hiver 1971.<\/p>\n<p>Manifs, sittings, fermeture de l\u2019<span class=\"caps\">ENS<\/span> (\u00c9cole normale sup\u00e9rieure). \u00c9pisode le plus marquant\u00a0: l\u2019affaire Gilles Guiot, \u00e9l\u00e8ve \u00e0 Chaptal, arr\u00eat\u00e9 le 10 f\u00e9vrier, accus\u00e9 semble-t-il injustement d\u2019avoir agress\u00e9 un policier (\u2026)<\/p>\n<blockquote>\n<p class=\"citation-small\">\u00ab\u00a0\u00c0 \u201claissez-les vivre\u201d, nous r\u00e9pondons \u201claissez-nous vivre\u201d, laissez-nous d\u00e9cider par nous-m\u00eames.\u00a0\u00bb<span id=\"3131\" class=\"cit-num\">3131<\/span><\/p>\n<p class=\"auteur\"><span class=\"caps\">MLF<\/span>, D\u00e9claration au meeting public de la Mutualit\u00e9, 5 mars 1971. <em>G\u00e9n\u00e9ration<\/em>, tome <span class=\"caps\">II<\/span>,<em> Les Ann\u00e9es de poudre<\/em> (1988), Herv\u00e9 Hamon, Patrick Rotman<\/p>\n<\/blockquote>\n<p class=\"ressi\">Un commando <span class=\"caps\">MLF<\/span> (arm\u00e9 de saucissons, \u00ab\u00a0armes de 7e cat\u00e9gorie\u00a0\u00bb) interrompt le meeting organis\u00e9 par le professeur Lejeune et l\u2019association \u00ab\u00a0Laissez-les vivre\u00a0\u00bb, faisant campagne contre le droit \u00e0 l\u2019avortement (\u2026)<\/p>\n<blockquote>\n<p class=\"citation-small\">\u00ab\u00a0Un million de femmes se font avorter chaque ann\u00e9e en France. Elles le font dans des conditions dangereuses [\u2026] Je d\u00e9clare que je suis l\u2019une d\u2019elles. Je d\u00e9clare avoir avort\u00e9.\u00a0\u00bb<span id=\"3132\" class=\"cit-num\">3132<\/span><\/p>\n<p class=\"auteur\">Manifeste de 343 femmes, publi\u00e9 par <em>Le Nouvel Observateur<\/em>, 5 avril 1971<\/p>\n<\/blockquote>\n<p class=\"ressi\">Les signataires r\u00e9clament l\u2019avortement libre, et mettent le gouvernement au d\u00e9fi de leur appliquer les sanctions pr\u00e9vues par le Code p\u00e9nal. Ce sont entre autres les com\u00e9diennes Catherine Deneuve, Ariane Mnouchkine, Jeanne Moreau, Delphine Seyrig\u00a0; les auteurs Simone de Beauvoir, Marguerite Duras, Fran\u00e7oise Sagan\u00a0; l\u2019avocate Gisele Halimi, politiquement tr\u00e8s engag\u00e9e, y compris dans le f\u00e9minisme de gauche, la \u00ab\u00a0cause des femmes\u00a0\u00bb (\u2026)<\/p>\n<\/div>\n<style>\r\n        a .cit-num {\r\n            text-decoration: none !important;\r\n            color: inherit !important;\r\n        }\r\n    <\/style>","protected":false},"excerpt":{"rendered":"<p>\u00a0Les ann\u00e9es Pompidou, Giscard d\u2019Estaing et MitterrandLa mort de Charles de Gaulle\u00c0 la mort de Charles de Gaulle le 9 novembre 1970, le Pr\u00e9sident Pompidou lui rend un hommage tourn\u00e9 vers l\u2019avenir\u00a0:\u00a0 \u00ab\u00a0Promettons \u00e0 la France de n\u2019\u00eatre pas indignes des le\u00e7ons qui nous ont \u00e9t\u00e9 dispens\u00e9es, et que, dans l\u2019\u00e2me nationale, de Gaulle vive [&#8230;]<\/p>\n","protected":false},"author":1,"featured_media":0,"comment_status":"open","ping_status":"open","sticky":false,"template":"","format":"standard","meta":{"site-sidebar-layout":"default","site-content-layout":"","ast-site-content-layout":"default","site-content-style":"default","site-sidebar-style":"default","ast-global-header-display":"","ast-banner-title-visibility":"","ast-main-header-display":"","ast-hfb-above-header-display":"","ast-hfb-below-header-display":"","ast-hfb-mobile-header-display":"","site-post-title":"","ast-breadcrumbs-content":"","ast-featured-img":"","footer-sml-layout":"","theme-transparent-header-meta":"","adv-header-id-meta":"","stick-header-meta":"","header-above-stick-meta":"","header-main-stick-meta":"","header-below-stick-meta":"","astra-migrate-meta-layouts":"default","ast-page-background-enabled":"default","ast-page-background-meta":{"desktop":{"background-color":"var(--ast-global-color-5)","background-image":"","background-repeat":"repeat","background-position":"center center","background-size":"auto","background-attachment":"scroll","background-type":"","background-media":"","overlay-type":"","overlay-color":"","overlay-opacity":"","overlay-gradient":""},"tablet":{"background-color":"","background-image":"","background-repeat":"repeat","background-position":"center center","background-size":"auto","background-attachment":"scroll","background-type":"","background-media":"","overlay-type":"","overlay-color":"","overlay-opacity":"","overlay-gradient":""},"mobile":{"background-color":"","background-image":"","background-repeat":"repeat","background-position":"center center","background-size":"auto","background-attachment":"scroll","background-type":"","background-media":"","overlay-type":"","overlay-color":"","overlay-opacity":"","overlay-gradient":""}},"ast-content-background-meta":{"desktop":{"background-color":"var(--ast-global-color-4)","background-image":"","background-repeat":"repeat","background-position":"center center","background-size":"auto","background-attachment":"scroll","background-type":"","background-media":"","overlay-type":"","overlay-color":"","overlay-opacity":"","overlay-gradient":""},"tablet":{"background-color":"var(--ast-global-color-4)","background-image":"","background-repeat":"repeat","background-position":"center center","background-size":"auto","background-attachment":"scroll","background-type":"","background-media":"","overlay-type":"","overlay-color":"","overlay-opacity":"","overlay-gradient":""},"mobile":{"background-color":"var(--ast-global-color-4)","background-image":"","background-repeat":"repeat","background-position":"center center","background-size":"auto","background-attachment":"scroll","background-type":"","background-media":"","overlay-type":"","overlay-color":"","overlay-opacity":"","overlay-gradient":""}},"iawp_total_views":1,"footnotes":""},"categories":[1921],"tags":[],"class_list":["post-8222","post","type-post","status-publish","format-standard","hentry","category-chronique-cinquieme-republique-citation-du-jour-georges-pompidou"],"_links":{"self":[{"href":"https:\/\/histoire-en-citations.fr\/WP\/wp-json\/wp\/v2\/posts\/8222","targetHints":{"allow":["GET"]}}],"collection":[{"href":"https:\/\/histoire-en-citations.fr\/WP\/wp-json\/wp\/v2\/posts"}],"about":[{"href":"https:\/\/histoire-en-citations.fr\/WP\/wp-json\/wp\/v2\/types\/post"}],"author":[{"embeddable":true,"href":"https:\/\/histoire-en-citations.fr\/WP\/wp-json\/wp\/v2\/users\/1"}],"replies":[{"embeddable":true,"href":"https:\/\/histoire-en-citations.fr\/WP\/wp-json\/wp\/v2\/comments?post=8222"}],"version-history":[{"count":1,"href":"https:\/\/histoire-en-citations.fr\/WP\/wp-json\/wp\/v2\/posts\/8222\/revisions"}],"predecessor-version":[{"id":8223,"href":"https:\/\/histoire-en-citations.fr\/WP\/wp-json\/wp\/v2\/posts\/8222\/revisions\/8223"}],"wp:attachment":[{"href":"https:\/\/histoire-en-citations.fr\/WP\/wp-json\/wp\/v2\/media?parent=8222"}],"wp:term":[{"taxonomy":"category","embeddable":true,"href":"https:\/\/histoire-en-citations.fr\/WP\/wp-json\/wp\/v2\/categories?post=8222"},{"taxonomy":"post_tag","embeddable":true,"href":"https:\/\/histoire-en-citations.fr\/WP\/wp-json\/wp\/v2\/tags?post=8222"}],"curies":[{"name":"wp","href":"https:\/\/api.w.org\/{rel}","templated":true}]}}