{"id":8326,"date":"2016-06-19T00:00:00","date_gmt":"2016-06-18T22:00:00","guid":{"rendered":"https:\/\/histoire-en-citations.fr\/WP\/2025\/06\/26\/vos-5-citations-preferees-de-la-semaine-146\/"},"modified":"2025-07-19T09:12:57","modified_gmt":"2025-07-19T07:12:57","slug":"vos-5-citations-preferees-de-la-semaine-146","status":"publish","type":"post","link":"https:\/\/histoire-en-citations.fr\/WP\/vos-5-citations-preferees-de-la-semaine-146\/","title":{"rendered":"Vos 5 citations pr\u00e9f\u00e9r\u00e9es de la semaine"},"content":{"rendered":"<div class=\"field-item even\">\n<p>D\u00e9couvrez les 5 citations qui ont remport\u00e9 le plus de succ\u00e8s cette semaine sur les r\u00e9seaux sociaux (<a href=\"https:\/\/www.facebook.com\/histoire.en.citations\/\">Facebook<\/a> et <a href=\"https:\/\/twitter.com\/HistoCita\">Twitter<\/a>).<\/p>\n<p>\u00a0<\/p>\n<h2><a title=\"Fran\u00e7ois Mitterrand citation\" href=\"https:\/\/histoire-en-citations.fr\/WP\/au-cours-de-son-histoire-la-france-s-est#cit-3241\">5. Fran\u00e7ois Mitterrand<\/a><\/h2>\n<p><a title=\"Fran\u00e7ois Mitterrand citation\" href=\"https:\/\/histoire-en-citations.fr\/WP\/au-cours-de-son-histoire-la-france-s-est#cit-3241\"><img fetchpriority=\"high\" decoding=\"async\" title=\"Fran\u00e7ois Mitterrand citation\" src=\"https:\/\/histoire-en-citations.fr\/WP\/wp-content\/uploads\/2025\/06\/francois_mitterrand_citation_1.jpg\" alt=\"Fran\u00e7ois Mitterrand citation\" width=\"700\" height=\"355\"><\/a><\/p>\n<h2><a title=\"Jacques Delors citation\" href=\"https:\/\/histoire-en-citations.fr\/WP\/chevenement-un-ministre-ca-ferme-sa-gueule-si-ca-veut-louvrir-ca-demissionne#cit-3236\">4. Jacques Delors<\/a><\/h2>\n<p><a title=\"Jacques Delors citation\" href=\"https:\/\/histoire-en-citations.fr\/WP\/chevenement-un-ministre-ca-ferme-sa-gueule-si-ca-veut-louvrir-ca-demissionne#cit-3236\"><img decoding=\"async\" title=\"Jacques Delors citation\" src=\"https:\/\/histoire-en-citations.fr\/WP\/wp-content\/uploads\/2025\/06\/jacques_delors_citation.jpg\" alt=\"Jacques Delors citation\" width=\"700\" height=\"353\"><\/a><\/p>\n<h2><a title=\"Jacques Chirac et Fran\u00e7ois Mitterrand\" href=\"https:\/\/histoire-en-citations.fr\/WP\/ni-cet-exces-d-honneur-ni-cette-indignite#cit-3275\">3. Jacques Chirac et Fran\u00e7ois Mitterrand<\/a><\/h2>\n<p><a title=\"Jacques Chirac et Fran\u00e7ois Mitterrand\" href=\"https:\/\/histoire-en-citations.fr\/WP\/ni-cet-exces-d-honneur-ni-cette-indignite#cit-3275\"><img decoding=\"async\" title=\"Jacques Chirac et Fran\u00e7ois Mitterrand\" src=\"https:\/\/histoire-en-citations.fr\/WP\/wp-content\/uploads\/2025\/06\/jacques_chirac_et_francois_mitterrand.jpg\" alt=\"Jacques Chirac et Fran\u00e7ois Mitterrand\" width=\"700\" height=\"358\"><\/a><\/p>\n<h2><a title=\"Jacques Chirac citation\" href=\"https:\/\/histoire-en-citations.fr\/WP\/france-reveille-toi#cit-3298\">2. Jacques Chirac<\/a><\/h2>\n<p><a title=\"Jacques Chirac citation\" href=\"https:\/\/histoire-en-citations.fr\/WP\/france-reveille-toi#cit-3298\"><img loading=\"lazy\" decoding=\"async\" title=\"Jacques Chirac citation\" src=\"https:\/\/histoire-en-citations.fr\/WP\/wp-content\/uploads\/2025\/06\/jacques_chirac_citation.jpg\" alt=\"Jacques Chirac citation\" width=\"700\" height=\"350\"><\/a><\/p>\n<h2><a title=\"Jean-Pierre Chev\u00e8nement citation\" href=\"https:\/\/histoire-en-citations.fr\/WP\/chevenement-un-ministre-ca-ferme-sa-gueule-si-ca-veut-louvrir-ca-demissionne\">1. Jean-Pierre Chev\u00e8nement<\/a><\/h2>\n<p><a title=\"Jean-Pierre Chev\u00e8nement citation\" href=\"https:\/\/histoire-en-citations.fr\/WP\/chevenement-un-ministre-ca-ferme-sa-gueule-si-ca-veut-louvrir-ca-demissionne\"><img loading=\"lazy\" decoding=\"async\" title=\"Jean-Pierre Chev\u00e8nement citation\" src=\"https:\/\/histoire-en-citations.fr\/WP\/wp-content\/uploads\/2025\/06\/jean_pierre_chevenement_citation.jpg\" alt=\"Jean-Pierre Chev\u00e8nement citation\" width=\"700\" height=\"354\"><\/a><\/p>\n<\/div>\n<style>\r\n        a .cit-num {\r\n            text-decoration: none !important;\r\n            color: inherit !important;\r\n        }\r\n    <\/style>","protected":false},"excerpt":{"rendered":"<p>D\u00e9couvrez les 5 citations qui ont remport\u00e9 le plus de succ\u00e8s cette semaine sur les r\u00e9seaux sociaux (Facebook et Twitter). \u00a0 5. Fran\u00e7ois Mitterrand 4. Jacques Delors 3. Jacques Chirac et Fran\u00e7ois Mitterrand 2. Jacques Chirac 1. Jean-Pierre Chev\u00e8nement<\/p>\n","protected":false},"author":1,"featured_media":0,"comment_status":"open","ping_status":"open","sticky":false,"template":"","format":"standard","meta":{"site-sidebar-layout":"default","site-content-layout":"","ast-site-content-layout":"default","site-content-style":"default","site-sidebar-style":"default","ast-global-header-display":"","ast-banner-title-visibility":"","ast-main-header-display":"","ast-hfb-above-header-display":"","ast-hfb-below-header-display":"","ast-hfb-mobile-header-display":"","site-post-title":"","ast-breadcrumbs-content":"","ast-featured-img":"","footer-sml-layout":"","theme-transparent-header-meta":"","adv-header-id-meta":"","stick-header-meta":"","header-above-stick-meta":"","header-main-stick-meta":"","header-below-stick-meta":"","astra-migrate-meta-layouts":"default","ast-page-background-enabled":"default","ast-page-background-meta":{"desktop":{"background-color":"var(--ast-global-color-5)","background-image":"","background-repeat":"repeat","background-position":"center center","background-size":"auto","background-attachment":"scroll","background-type":"","background-media":"","overlay-type":"","overlay-color":"","overlay-opacity":"","overlay-gradient":""},"tablet":{"background-color":"","background-image":"","background-repeat":"repeat","background-position":"center center","background-size":"auto","background-attachment":"scroll","background-type":"","background-media":"","overlay-type":"","overlay-color":"","overlay-opacity":"","overlay-gradient":""},"mobile":{"background-color":"","background-image":"","background-repeat":"repeat","background-position":"center center","background-size":"auto","background-attachment":"scroll","background-type":"","background-media":"","overlay-type":"","overlay-color":"","overlay-opacity":"","overlay-gradient":""}},"ast-content-background-meta":{"desktop":{"background-color":"var(--ast-global-color-4)","background-image":"","background-repeat":"repeat","background-position":"center center","background-size":"auto","background-attachment":"scroll","background-type":"","background-media":"","overlay-type":"","overlay-color":"","overlay-opacity":"","overlay-gradient":""},"tablet":{"background-color":"var(--ast-global-color-4)","background-image":"","background-repeat":"repeat","background-position":"center center","background-size":"auto","background-attachment":"scroll","background-type":"","background-media":"","overlay-type":"","overlay-color":"","overlay-opacity":"","overlay-gradient":""},"mobile":{"background-color":"var(--ast-global-color-4)","background-image":"","background-repeat":"repeat","background-position":"center center","background-size":"auto","background-attachment":"scroll","background-type":"","background-media":"","overlay-type":"","overlay-color":"","overlay-opacity":"","overlay-gradient":""}},"iawp_total_views":5,"footnotes":""},"categories":[6],"tags":[],"class_list":["post-8326","post","type-post","status-publish","format-standard","hentry","category-citations-preferees"],"_links":{"self":[{"href":"https:\/\/histoire-en-citations.fr\/WP\/wp-json\/wp\/v2\/posts\/8326","targetHints":{"allow":["GET"]}}],"collection":[{"href":"https:\/\/histoire-en-citations.fr\/WP\/wp-json\/wp\/v2\/posts"}],"about":[{"href":"https:\/\/histoire-en-citations.fr\/WP\/wp-json\/wp\/v2\/types\/post"}],"author":[{"embeddable":true,"href":"https:\/\/histoire-en-citations.fr\/WP\/wp-json\/wp\/v2\/users\/1"}],"replies":[{"embeddable":true,"href":"https:\/\/histoire-en-citations.fr\/WP\/wp-json\/wp\/v2\/comments?post=8326"}],"version-history":[{"count":2,"href":"https:\/\/histoire-en-citations.fr\/WP\/wp-json\/wp\/v2\/posts\/8326\/revisions"}],"predecessor-version":[{"id":8337,"href":"https:\/\/histoire-en-citations.fr\/WP\/wp-json\/wp\/v2\/posts\/8326\/revisions\/8337"}],"wp:attachment":[{"href":"https:\/\/histoire-en-citations.fr\/WP\/wp-json\/wp\/v2\/media?parent=8326"}],"wp:term":[{"taxonomy":"category","embeddable":true,"href":"https:\/\/histoire-en-citations.fr\/WP\/wp-json\/wp\/v2\/categories?post=8326"},{"taxonomy":"post_tag","embeddable":true,"href":"https:\/\/histoire-en-citations.fr\/WP\/wp-json\/wp\/v2\/tags?post=8326"}],"curies":[{"name":"wp","href":"https:\/\/api.w.org\/{rel}","templated":true}]}}