{"id":9795,"date":"2023-08-21T00:00:00","date_gmt":"2023-08-20T22:00:00","guid":{"rendered":"https:\/\/histoire-en-citations.fr\/WP\/2025\/06\/26\/un-tour-de-france-historique-et-inedit-de-la-seconde-guerre-mondiale-a-nos-jours\/"},"modified":"2025-08-12T08:43:01","modified_gmt":"2025-08-12T06:43:01","slug":"un-tour-de-france-historique-et-inedit-de-la-seconde-guerre-mondiale-a-nos-jours","status":"publish","type":"post","link":"https:\/\/histoire-en-citations.fr\/WP\/un-tour-de-france-historique-et-inedit-de-la-seconde-guerre-mondiale-a-nos-jours\/","title":{"rendered":"Un tour de France historique et in\u00e9dit (de la Seconde Guerre Mondiale \u00e0 nos jours)"},"content":{"rendered":"<div class=\"field-item even\">\n<p>\u00a0<\/p>\n<p><strong>D\u00e9couvrez les autres \u00e9pisodes de notre tour de France historique\u00a0:<\/strong><\/p>\n<ul>\n<li><a href=\"https:\/\/histoire-en-citations.fr\/WP\/un-tour-de-france-historique-et-inedit-de-la-gaule-au-xvie-siecle\/\">De la Gaule au <span class=\"caps\"><span class=\"caps\">XVI<\/span><\/span>e si\u00e8cle<\/a><\/li>\n<li><a href=\"https:\/\/histoire-en-citations.fr\/WP\/un-tour-de-france-historique-et-inedit-de-henri-iv-a-la-revolution\/\">Du roi Henri <span class=\"caps\"><span class=\"caps\">IV<\/span><\/span> \u00e0 la R\u00e9volution<\/a><\/li>\n<li><a href=\"https:\/\/histoire-en-citations.fr\/WP\/un-tour-de-france-historique-et-inedit-du-directoire-aux-annees-1930\/\">Du Directoire aux ann\u00e9es 1930<\/a><\/li>\n<\/ul>\n<p>Voici le pari d\u2019une Histoire de France o\u00f9 l\u2019on ne parle pas de Paris. <br>Cela semble aussi fou que d\u2019\u00e9crire un roman de 300 pages sans \u00ab\u00a0e\u00a0\u00bb, lettre la plus utilis\u00e9e \u2013 mais Georges Perec a relev\u00e9 le d\u00e9fi avec<em> La Disparition<\/em> (1969)\u00a0!<\/p>\n<p>Notre d\u00e9fi n\u2019est d\u2019ailleurs pas si fou. Il part d\u2019une bonne raison\u00a0: rendre justice \u00e0 toutes les autres villes et r\u00e9gions de notre Histoire. Nombre de faits s\u2019imposent aussit\u00f4t. <br>Presque toutes les (grandes) batailles et les si\u00e8ges les plus connus se situent hors Paris. La majorit\u00e9 des Noms cit\u00e9s sont natifs de province. Les monuments plus ou moins c\u00e9l\u00e8bres se trouvent partout sur le territoire. Toute la gastronomie fran\u00e7aise (avec ses vins) renvoie aux r\u00e9gions, tandis que la France est essentiellement agricole et paysanne jusqu\u2019au <span class=\"caps\">XIX<\/span>e si\u00e8cle. Au <span class=\"caps\">XX<\/span>e, l\u2019\u00e9cologie relance l\u2019id\u00e9e de terroir ou territoire avec les <span class=\"caps\">ZAD<\/span> et autres combats d\u2019avenir.<br>M\u00eame sous la R\u00e9volution o\u00f9 le peuple de notre capitale tient le premier r\u00f4le, les Girondins font face aux Montagnards, cependant que la guerre de Vend\u00e9e et celle des Chouans de Bretagne tuent cent fois plus que la Terreur\u2026 qui s\u00e9vit aussi en diverses r\u00e9gions. \u00a0<\/p>\n<p>Notre tour de France qui passe aussi par les ex-colonies et territoires d\u2019Outre-mer se d\u00e9roule en une Chronique de la Gaule \u00e0 nos jours\u00a0: quatre semaines et quelque 300 villes, d\u00e9partements ou r\u00e9gions class\u00e9s ici par ordre alphab\u00e9tique.<\/p>\n<p><span class=\"caps\">VILLES<\/span> cit\u00e9es\u00a0: Abbeville \u2013 Agde \u2013 Aix en Provence \u2013 Alger \u2013\u00a0 Al\u00e9sia \u2013 Ambleteuse\u00a0 \u2013 Amboise \u2013 Amiens \u2013 Angers \u2013 Arcis \u2013 Argenteuil \u2013 Arras \u2013 Artois \u2013 Avignon \u2013\u00a0 Bar-le-Duc \u2013 Barr\u00eame \u2013 Beauvais \u2013 Belfort \u2013 Besan\u00e7on \u2013 B\u00e9thune \u2013 B\u00e9ziers \u2013 Billancourt \u2013 Blois \u2013 Bois le Pr\u00eatre \u2013 Bordeaux \u2013\u00a0 Boulogne \u2013 Bourges \u2013 Bouvines \u2013 Brazzaville \u2013 Brest \u2013 Brienne \u2013 Caen \u2013 Calais \u2013 Cannes \u2013 Carcassonne \u2013 Carhaix-Plouguer \u2013 Castellane \u2013 Cayenne \u2013 Chambord \u2013 Champaubert \u2013 Ch\u00e2teauneuf-de-Randon \u2013 Ch\u00e2teau-Thierry \u2013\u00a0Chenonceau \u2013 Cherbourg \u2013 Chinon \u2013 Cholet \u2013 Clermont-Ferrand \u2013 Clichy \u2013 Collioure \u2013 Colmar \u2013 Colombey \u2013\u00a0 Compi\u00e8gne \u2013 Cond\u00e9-sur-l\u2019Escaut \u2013\u00a0Craonne \u2013 Cr\u00e9cy \u2013 Cr\u00e9teil \u2013 Digne-les-Bains \u2013 Dijon \u2013Domr\u00e9my \u2013 Douaumont \u2013 Douai \u2013 Dunkerque \u2013\u00a0 \u00c9parges \u2013 Ferney \u2013 Ferri\u00e8res \u2013 Florange \u2013 Fontainebleau \u2013 Fort-Lamy \u2013 Fr\u00e9jus \u2013 Gandrange \u2013 Gap \u2013 Golfe-Juan \u2013 Grasse \u2013 Grenoble \u2013 Guinegatte \u2013 \u00cele de R\u00e9 \u2013 Juan-les-Pins \u2013 La Courneuve \u2013 La Rochelle \u2013 Laffrey \u2013 Lascaux \u2013 Le Havre \u2013 Le Mans \u2013 L\u00e9panges-sur-Vologne \u2013 Lille \u2013 Limoges \u2013 Lorient \u2013 Lyon \u2013\u00a0 Machecoul \u2013 M\u00e2con \u2013 Malijai \u2013 Marciac \u2013 Marseille \u2013 Metz \u2013 Montereau \u2013 Montmartre \u2013 Montmirail \u2013 Montpellier\u00a0 \u2013 Mostaganem \u2013 Nancy \u2013\u00a0 Nangis \u2013 Nanterre \u2013 Nantes \u2013\u00a0 Narbonne \u2013 N\u00e9rac \u2013 Nice \u2013\u00a0 N\u00eemes \u2013 Notre-Dame-des Landes \u2013 Orange \u2013 Orl\u00e9ans \u2013 Pau \u2013 Parthenay \u2013 Penthi\u00e8vre \u2013 Perpignan \u2013 Phalsbourg \u2013 Plombi\u00e8res \u2013 Poitiers \u2013 Port-Royal \u2013 Quiberon \u2013 Rambouillet \u2013 Reims \u2013 Rennes \u2013 Rethondes \u2013 Rouen \u2013\u00a0 Rueil \u2013Saint-Cloud \u2013 Saint-Di\u00e9 \u2013 Saumur \u2013 Savenay \u2013 Sedan \u2013 S\u00e8vres \u2013 Soissons \u2013 Saint-Jean-de-Luz\u00a0 \u2013 Saint-Germain \u2013 Sainte-Marie-du-Pont (Utah Beach) \u2013 Sainte-M\u00e9nehould \u2013 Sainte-M\u00e8re-l\u2019\u00c9glise \u2013 Sisteron \u2013 Strasbourg \u2013 Tamanrasset\u00a0 \u2013 Toulon \u2013 Toulouse \u2013 Tours \u2013 Troyes \u2013 Turckheim\u00a0 \u2013 Valenciennes \u2013 Valmy \u2013 Varennes \u2013 Vaux-le-Vicomte \u2013 Verdun\u00a0 \u2013 Versailles \u2013 Vichy \u2013 Villers-Cotter\u00eats \u2013 Villeroy \u2013 Vincennes.<\/p>\n<p><span class=\"caps\">R\u00c9GIONS<\/span>\u00a0et d\u00e9partements\u00a0: Afrique noire \u2013 Alg\u00e9rie \u2013 Alsace \u2013 Anjou \u2013 Aquitaine \u2013 Ard\u00e8che \u2013 Argonne \u2013 B\u00e9arn \u2013 Bourgogne \u2013 Bretagne \u2013 Cameroun \u2013 Comtat Venaissin \u2013 Congo \u2013 Cotentin \u2013 Corr\u00e8ze \u2013 Corse \u2013 C\u00f4te d\u2019Ivoire \u2013 Dauphin\u00e9 \u2013 Dordogne \u2013 Finist\u00e8re \u2013 Franche-Comt\u00e9 \u2013 Gabon \u2013 Gironde \u2013 Grand Est \u2013 Guyenne \u2013 Haut-Rhin \u2013 Indochine \u2013 Languedoc \u2013 Larzac \u2013 Limousin \u2013 Lorraine \u2013 Madagascar \u2013 Maine \u2013 Marne \u2013 Maroc \u2013 Marquises (les) \u2013 Massif central \u2013 Midi-Pyr\u00e9n\u00e9es \u2013 Loire-Atlantique \u2013 Moselle \u2013 Nord-Pas-de-Calais \u2013 Normandie \u2013 Oise \u2013 Oubangui-Chari \u2013 Pays de la Loire \u2013 P\u00e9rigord\u00a0 \u2013 Picardie \u2013 Provence \u2013 Rhin (Bas) \u2013 Rhin (Haut) \u2013 Roussillon \u2013 Savoie \u2013 Somme \u2013 Tahiti \u2013 Tchad \u2013 Tonkin \u2013 Touraine \u2013 Tunisie \u2013 Vend\u00e9e \u2013 Yvelines \u2013 Zamb\u00e8ze.<\/p>\n<p><a href=\"https:\/\/histoire-en-citations.fr\/WP\/boutique\/\"><img decoding=\"async\" src=\"https:\/\/histoire-en-citations.fr\/WP\/wp-content\/uploads\/2025\/06\/histoire-en-citations-volume-9-50.jpg\" style=\"margin-left: auto;margin-right: auto\" width=\"165\" height=\"220\"><\/a><\/p>\n<p style=\"text-align: center\"><a href=\"https:\/\/histoire-en-citations.fr\/WP\/boutique\/\">Revivez toute l\u2019Histoire en citations dans nos Chroniques<\/a>, livres \u00e9lectroniques qui racontent l\u2019histoire de France de la Gaule \u00e0 nos jours, en 3 500 citations num\u00e9rot\u00e9es, sourc\u00e9es, replac\u00e9es dans leur contexte, et sign\u00e9es par pr\u00e8s de 1 200 auteurs.<\/p>\n<h4 style=\"text-align: center\"><span class=\"caps\">SECONDE<\/span> <span class=\"caps\">GUERRE<\/span> <span class=\"caps\">MONDIALE<\/span><\/h4>\n<blockquote>\n<p class=\"citation-small\">\u00ab\u00a0Je survole donc des routes noires de l\u2019interminable sirop qui n\u2019en finit plus de couler. On \u00e9vacue, dit-on, les populations. Ce n\u2019est d\u00e9j\u00e0 plus vrai. Elles s\u2019\u00e9vacuent d\u2019elles-m\u00eames. Il est une contagion d\u00e9mente dans cet exode. Car o\u00f9 vont-ils, ces vagabonds\u00a0? Ils se mettent en marche vers le sud, comme s\u2019il \u00e9tait l\u00e0-bas des logements et des aliments [\u2026] L\u2019ennemi progresse plus vite que l\u2019exode.\u00a0\u00bb<span id=\"2743\" class=\"cit-num\">2743<\/span><\/p>\n<p class=\"auteur\">Antoine de <span class=\"caps\">SAINT<\/span>\u2013<span class=\"caps\">EXUP\u00c9RY<\/span> (1900-1944),<em> Pilote de guerre<\/em> (1942)<\/p>\n<\/blockquote>\n<p>Ils seront pr\u00e8s de 12\u00a0millions, r\u00e9fugi\u00e9s de tous \u00e2ges, toutes conditions, fuyant l\u2019invasion venue du nord, mais qui les rattrape, qui est maintenant partout. Ces flots, ces fleuves humains g\u00eanent les derni\u00e8res r\u00e9sistances et paralysent les voies de communication du pays \u2013 le commandement allemand, en semant la panique, a encourag\u00e9 l\u2019exode.<\/p>\n<blockquote>\n<p class=\"citation-small\">\u00ab\u00a0Nous lutterons en avant de Paris, nous lutterons en arri\u00e8re de Paris, nous nous enfermerons dans une de nos provinces et, si nous en sommes chass\u00e9s, nous irons en Afrique du Nord et, au besoin, dans nos possessions d\u2019Am\u00e9rique.\u00a0\u00bb<span id=\"2747\" class=\"cit-num\">2747<\/span><\/p>\n<p class=\"auteur\">Paul <span class=\"caps\">REYNAUD<\/span> (1878-1966), Message \u00e0 <span class=\"caps\">F.D.<\/span> Roosevelt, 10\u00a0juin 1940. <em>Franklin Roosevelt et la France, 1939-1945<\/em> (1988), Andr\u00e9 B\u00e9ziat<\/p>\n<\/blockquote>\n<p>Le jour o\u00f9 le gouvernement quitte la capitale pour se replier sur <strong>Tours<\/strong>, puis <strong>Bordeaux<\/strong>, bient\u00f4t <strong>Vichy<\/strong>. Paris, d\u00e9clar\u00e9e ville ouverte par Weygand, tombe aux mains des Allemands le 14\u00a0juin.<\/p>\n<p>Le gouvernement tombera le 16\u00a0juin\u00a0: cette r\u00e9sistance voulue par Paul Reynaud (et que seul de Gaulle pourra imposer), la majorit\u00e9 du cabinet la refuse \u00e0 l\u2019image du pays matraqu\u00e9 par la catastrophe. Laval et Darlan, hors minist\u00e8re, font pression sur les ministres en faveur de la capitulation. Deux grands militaires de la Premi\u00e8re Guerre mondiale, P\u00e9tain et Weygand, l\u2019un mar\u00e9chal et l\u2019autre g\u00e9n\u00e9ral, la souhaitent aussi.<\/p>\n<blockquote>\n<p class=\"citation-small\">\u00ab\u00a0Cette guerre n\u2019est pas limit\u00e9e au territoire malheureux de notre pays. Cette guerre n\u2019est pas tranch\u00e9e par la bataille de France. Cette guerre est une guerre mondiale.\u00a0\u00bb<span id=\"2754\" class=\"cit-num\">2754<\/span><\/p>\n<p class=\"auteur\">Charles de <span class=\"caps\">GAULLE<\/span> (1890-1970), Appel du 18\u00a0juin 1940 \u00e0 la <span class=\"caps\">BBC<\/span> de Londres.<em> M\u00e9moires de guerre<\/em>, tome\u00a0I, <em>L\u2019Appel, 1940-1942<\/em> (1954), Charles de Gaulle<\/p>\n<\/blockquote>\n<p>L\u2019Appel du 18\u00a0juin et ses arguments simple et forts seront repris. Ils marquent l\u2019acte de naissance de la France libre (et bient\u00f4t combattante) qui, \u00e0 c\u00f4t\u00e9 de l\u2019autre France envahie et vaincue, incarn\u00e9e par le Mar\u00e9chal, va rena\u00eetre et d\u2019abord dans les terres lointaines de son empire colonial, en Afrique \u00e9quatoriale fran\u00e7aise\u00a0: <strong>Gabon, Congo, Tchad et Oubangui-Chari<\/strong> (futur R\u00e9publique centrafricaine). La superficie de l\u2019<span class=\"caps\">AEF<\/span> repr\u00e9sente quatre fois la France avec son chef-lieu \u00e0 <strong>Brazzaville<\/strong> (R\u00e9publique du Congo), r\u00e9sidence du gouverneur g\u00e9n\u00e9ral.<\/p>\n<blockquote>\n<p class=\"citation-small\">\u00ab\u00a0J\u2019ai \u00e9t\u00e9 avec vous dans les jours glorieux. Chef du gouvernement, je suis et je resterai avec vous dans les jours sombres. Soyez \u00e0 mes c\u00f4t\u00e9s. Le combat reste le m\u00eame. Il s\u2019agit de la France, de son sol, de ses fils.\u00a0\u00bb<span id=\"2757\" class=\"cit-num\">2757<\/span><\/p>\n<p class=\"auteur\">Mar\u00e9chal <span class=\"caps\">P\u00c9TAIN<\/span> (1856-1951), Conclusion de l\u2019appel lanc\u00e9 \u00e0 la radio, 20\u00a0juin 1940. <em>P\u00e9tain et les Allemands<\/em> (1997), Jacques Le Groignec<\/p>\n<\/blockquote>\n<p>L\u2019autre voix de la France parle aux Fran\u00e7ais pas encore vraiment d\u00e9chir\u00e9s entre les deux\u00a0: cette radio-l\u00e0 est bien plus \u00e9cout\u00e9e. P\u00e9tain est alors \u00e0 <strong>Bordeaux<\/strong>, avant de rejoindre <strong>Vichy<\/strong>.<\/p>\n<p>Il d\u00e9nonce les causes de la d\u00e9faite et son constat n\u2019est pas discutable\u00a0: \u00ab\u00a0Trop peu d\u2019enfants, trop peu d\u2019armes, trop peu d\u2019alli\u00e9s.\u00a0\u00bb Tel un p\u00e8re s\u00e9v\u00e8re, le vieux mar\u00e9chal fait aussi la morale\u00a0: \u00ab\u00a0Depuis la victoire [de 1918], l\u2019esprit de jouissance l\u2019a emport\u00e9 sur l\u2019esprit de sacrifice. On a revendiqu\u00e9 plus qu\u2019on a servi. On a voulu \u00e9pargner l\u2019effort.\u00a0\u00bb<\/p>\n<p>L\u2019armistice sera sign\u00e9 le 22\u00a0juin \u00e0 <strong>Rethondes<\/strong> (village de l\u2019Oise), tr\u00e8s symboliquement dans le wagon o\u00f9 le mar\u00e9chal Foch imposa \u00e0 l\u2019Allemagne vaincue les clauses de l\u2019armistice du 11\u00a0novembre 1918. Il prend effet le 25.<\/p>\n<blockquote>\n<p class=\"citation-small\">\u00ab\u00a0Autour de M. le mar\u00e9chal P\u00e9tain, dans la v\u00e9n\u00e9ration que son nom inspire \u00e0 tous, notre nation est group\u00e9e dans sa d\u00e9tresse. Prenons garde de ne pas troubler l\u2019accord qui s\u2019est ainsi \u00e9tabli sous son autorit\u00e9.\u00a0\u00bb<span id=\"2764\" class=\"cit-num\">2764<\/span><\/p>\n<p class=\"auteur\">\u00c9douard\u00a0<span class=\"caps\">HERRIOT<\/span> (1872-1957), Assembl\u00e9e nationale, Casino de Vichy, 10\u00a0juillet 1940. <em>P\u00e9tain, face \u00e0 l\u2019histoire<\/em> (2000), Jacques Le Groignec<\/p>\n<\/blockquote>\n<p>Le pr\u00e9sident de la Chambre des d\u00e9put\u00e9s parle solennellement devant l\u2019Assembl\u00e9e nationale \u2013 Chambre et S\u00e9nat r\u00e9unis d\u00e9sormais \u00e0 <strong>Vichy<\/strong>. La r\u00e9vision de la Constitution est vot\u00e9e par 569 voix contre 80 et 18 abstentions. On liquide la Troisi\u00e8me R\u00e9publique pour donner les pleins pouvoirs ex\u00e9cutifs et l\u00e9gislatifs au mar\u00e9chal P\u00e9tain. Comme en 1815, comme en 1871, la d\u00e9faite a entra\u00een\u00e9 l\u2019\u00e9croulement du r\u00e9gime.<\/p>\n<p>P\u00e9tain constitue son minist\u00e8re le 12\u00a0juillet, avec Laval vice-pr\u00e9sident du Conseil et secr\u00e9taire d\u2019\u00c9tat aux Affaires \u00e9trang\u00e8res. Une Cour supr\u00eame de justice institu\u00e9e le 30 s\u2019empresse de condamner \u00e0 mort de Gaulle par contumace, le 2\u00a0ao\u00fbt.<\/p>\n<blockquote>\n<p class=\"citation-small\">\u00ab\u00a0Vous n\u2019aurez pas l\u2019Alsace et la Lorraine<br>Et malgr\u00e9 tout nous resterons Fran\u00e7ais,<br>Vous avez pu germaniser la plaine,<br>Mais notre c\u0153ur, vous ne l\u2019aurez jamais.\u00a0\u00bb<span id=\"2768\" class=\"cit-num\">2768<\/span><\/p>\n<p class=\"auteur\">Gaston <span class=\"caps\">VILLEMER<\/span> (1840-1892), paroles, et <span class=\"caps\">BEN<\/span> <span class=\"caps\">TAYOUX<\/span> (1840-1918), musique,<em> Alsace-Lorraine<\/em>, chanson. <em>M\u00e9moires et Antim\u00e9moires litt\u00e9raires au <span class=\"caps\">XX<\/span>e\u00a0si\u00e8cle<\/em> (2008), Annamaria Laserra, Nicole Leclercq, Marc Quaghebeur<\/p>\n<\/blockquote>\n<p>Cette chanson, cr\u00e9\u00e9e en 1873 et d\u00e9di\u00e9e aux villes de <strong>Strasbourg<\/strong> et de <strong>Metz<\/strong>, est reprise par les patriotes fran\u00e7ais en 1940, quand les Allemands annexent les trois d\u00e9partements martyrs (Haut-Rhin, Bas-Rhin, Moselle) \u2013 en fait le 24\u00a0juillet 1940 et officiellement le 30\u00a0novembre.<\/p>\n<blockquote>\n<p class=\"citation-small\">\u00ab\u00a0Nous ne nous arr\u00eaterons que quand le drapeau fran\u00e7ais flottera aussi sur Metz et Strasbourg.\u00a0\u00bb<span id=\"2776\" class=\"cit-num\">2776<\/span><\/p>\n<p class=\"auteur\">Colonel <span class=\"caps\">LECLERC<\/span> (1902-1947), Serment de Koufra, 2\u00a0mars 1941. <em>Leclerc et le serment de Koufra<\/em> (1965), Raymond Dronne<\/p>\n<\/blockquote>\n<p>Philippe Marie de Hautecloque, dit Leclerc, sera \u00e9lev\u00e9 \u00e0 la dignit\u00e9 de mar\u00e9chal de France \u00e0 titre posthume, en 1952. Deux fois prisonnier, deux fois \u00e9vad\u00e9 en mai-juin\u00a01940 (pendant la guerre \u00e9clair), il a rejoint de Gaulle \u00e0 Londres. Il obtient le ralliement du <strong>Cameroun<\/strong> \u00e0 la France libre d\u00e8s la fin ao\u00fbt\u00a01940, et en devient le gouverneur.<\/p>\n<p>Devenu commandant militaire de l\u2019Afrique \u00e9quatoriale fran\u00e7aise (<span class=\"caps\">AEF<\/span>), parti de <strong>Fort-Lamy<\/strong> (Tchad) avec une pauvre colonne des Forces fran\u00e7aises libres, il franchit 1\u00a0600\u00a0km de d\u00e9sert et prend le fort de Koufra (Libye), tenu par une garnison italienne.<\/p>\n<p>Lib\u00e9rateur de Paris avec sa fameuse 2e <span class=\"caps\">DB<\/span> (division blind\u00e9e) le 25\u00a0ao\u00fbt 1944, il sera aussi le lib\u00e9rateur de <strong>Strasbourg<\/strong>, le 23\u00a0novembre\u00a0: le serment de Koufra sera tenu.<\/p>\n<blockquote>\n<p class=\"citation-small\">\u00ab\u00a0Les sanglots longs \/ Des violons \/ De l\u2019automne<br>Bercent mon c\u0153ur \/ D\u2019une langueur \/ Monotone.\u00a0\u00bb<span id=\"2807\" class=\"cit-num\">2807<\/span><\/p>\n<p class=\"auteur\">Paul <span class=\"caps\">VERLAINE<\/span> (1844-1896), vers entendus \u00e0 la <span class=\"caps\">BBC<\/span> le 5\u00a0juin 1944. Extrait de \u00ab\u00a0Chanson d\u2019automne\u00a0\u00bb, <em>Po\u00e8mes saturniens<\/em> (1866)<\/p>\n<\/blockquote>\n<p>C\u2019est le code choisi pour annoncer sur la radio anglaise le jour J du d\u00e9barquement en France, autrement dit l\u2019op\u00e9ration <em>Overlord<\/em> (Suzerain, en anglais) sous le commandement supr\u00eame du g\u00e9n\u00e9ral Eisenhower. Ces mots tant attendus sont enfin entendus le soir du 5\u00a0juin\u00a0: le d\u00e9barquement en <strong>Normandie<\/strong> est donc pour le lendemain.<\/p>\n<blockquote>\n<p class=\"citation-small\">\u00ab\u00a0Bien entendu, c\u2019est la bataille de France et c\u2019est la bataille de la France.\u00a0\u00bb<span id=\"2808\" class=\"cit-num\">2808<\/span><\/p>\n<p class=\"auteur\">Charles de <span class=\"caps\">GAULLE<\/span> (1890-1970), D\u00e9claration radiodiffus\u00e9e du 6\u00a0juin 1944 \u00e0 Londres, jour du d\u00e9barquement en Normandie<em>. M\u00e9moires de guerre,<\/em> tome\u00a0<span class=\"caps\">II<\/span>, <em>L\u2019Unit\u00e9, 1942-1944<\/em> (1956), Charles de Gaulle<\/p>\n<\/blockquote>\n<p>Il annonce aux Fran\u00e7ais le d\u00e9but des op\u00e9rations. \u00ab\u00a0Bien entendu\u00a0\u00bb, les r\u00e9sistants de l\u2019int\u00e9rieur vont y participer, avec les soldats de la France libre venus du monde entier. Le premier jour, 90\u00a0000 Am\u00e9ricains, Britanniques, Canadiens et 177 Fran\u00e7ais (commandos, fusiliers marins du capitaine Kieffer) dans les forces d\u2019assaut, seront suivis de 200\u00a0000 hommes les jours suivants. Avec 9\u00a0000 navires, 3\u00a0200 avions.<\/p>\n<p>\u00ab\u00a0Le jour le plus long\u00a0\u00bb a commenc\u00e9 la veille \u00e0 23\u00a0heures, par un parachutage dans la r\u00e9gion de <strong>Sainte-M\u00e8re-l \u2019\u00c9glise<\/strong>. La premi\u00e8re unit\u00e9 d\u00e9barque le 6\u00a0juin \u00e0 6\u00a0heures du matin \u00e0 <strong>Sainte-Marie-du-Pont<\/strong>, sur une plage rebaptis\u00e9e pour l\u2019\u00e9ternit\u00e9<strong> Utah Beach<\/strong>. Les pertes de cette gigantesque op\u00e9ration <em>Overlord<\/em> dirig\u00e9e par le g\u00e9n\u00e9ral Eisenhower seront de 30\u00a0000\u00a0\u00e0 40\u00a0000 hommes chez les Alli\u00e9s, 150\u00a0000 du c\u00f4t\u00e9 allemand (et 70\u00a0000 prisonniers).<\/p>\n<p>Au total, c\u2019est une arm\u00e9e de 2\u00a0millions d\u2019hommes qui d\u00e9barque en <strong>Normandie<\/strong> pour livrer cette nouvelle bataille de France.<\/p>\n<p><a href=\"https:\/\/histoire-en-citations.fr\/WP\/boutique\/\"><img decoding=\"async\" src=\"https:\/\/histoire-en-citations.fr\/WP\/wp-content\/uploads\/2025\/06\/histoire-en-citations-volume-9-50.jpg\" style=\"margin-left: auto;margin-right: auto\" width=\"165\" height=\"220\"><\/a><\/p>\n<p><a href=\"https:\/\/histoire-en-citations.fr\/WP\/boutique\/\">Revivez toute l\u2019Histoire en citations dans nos Chroniques<\/a>, livres \u00e9lectroniques qui racontent l\u2019histoire de France de la Gaule \u00e0 nos jours, en 3 500 citations num\u00e9rot\u00e9es, sourc\u00e9es, replac\u00e9es dans leur contexte, et sign\u00e9es par pr\u00e8s de 1 200 auteurs.<\/p>\n<h4 style=\"text-align: center\"><span class=\"caps\">QUATRI\u00c8ME<\/span> <span class=\"caps\">R\u00c9PUBLIQUE<\/span><\/h4>\n<blockquote>\n<p class=\"citation-small\">\u00ab\u00a0Cannes, c\u2019est un endroit bizarre o\u00f9 l\u2019on montre des films qui ne sont pas s\u00fbrs de sortir \u00e0 des gens qui ne sont pas s\u00fbrs d\u2019y aller.\u00a0\u00bb<span id=\"2876\" class=\"cit-num\">2876<\/span><\/p>\n<p class=\"auteur\">Gilles <span class=\"caps\">JACOB<\/span> (n\u00e9 en 1930), Interview \u00e0 la <em>Tribune<\/em> du d\u00e9l\u00e9gu\u00e9 g\u00e9n\u00e9ral du Festival \u00e9lu en 1977, puis pr\u00e9sident en 2001<\/p>\n<\/blockquote>\n<p>Le premier Festival international du film de <strong>Cannes<\/strong> devait s\u2019ouvrir le 1er\u202fseptembre 1939 \u00e0 l\u2019initiative de Jean Zay, ministre de l\u2019\u00c9ducation nationale et des Beaux-Arts\u00a0: une r\u00e9ponse \u00e0 la fois culturelle et diplomatique des \u00ab\u00a0\u202fnations libres\u202f\u00a0\u00bb \u00e0 <em>la Mostra de Venise<\/em> dont la programmation devenait un outil de propagande fasciste. La c\u00e9l\u00e9bration joyeuse et populaire du cin\u00e9ma mondial s\u2019affichait en m\u00eame temps que l\u2019affirmation militante de valeurs culturelles et d\u00e9mocratiques oppos\u00e9es aux dictatures naissantes.<\/p>\n<p>Les \u00c9tats-Unis, la Grande-Bretagne, l\u2019<span class=\"caps\">URSS<\/span>, la Tch\u00e9coslovaquie, la Belgique, la Su\u00e8de, les Pays-Bas, la Pologne envoy\u00e8rent leurs films s\u00e9lectionn\u00e9s (17 pour les seuls \u00c9tats-Unis, dont <em>Mister Smith au S\u00e9nat<\/em> de Frank Capra, <em>Le Magicien d\u2019Oz<\/em> de Victor Flemming, <em>Pacific Express<\/em> de Cecil B. De Mille. Un paquebot affr\u00e9t\u00e9 par la <span class=\"caps\">MGM<\/span> (Metro-Goldwyn-Mayer) devait croiser au large de Cannes avec \u00e0 son bord Gary Cooper, Cary Grant, Tyrone Power, Norma Shearer, Spencer Tracy. Mais le 1er\u202fseptembre 1939, l\u2019entr\u00e9e des troupes allemandes en Pologne d\u00e9clenchait la Deuxi\u00e8me Guerre mondiale.<\/p>\n<p>La premi\u00e8re \u00e9dition du Festival se d\u00e9roule un an apr\u00e8s la fin de guerre, du 20 septembre au 5 octobre 1946, dans les salles du Casino municipal de Cannes et sur les volont\u00e9s de Philippe Erlanger, chef du service des \u00c9changes artistiques au minist\u00e8re des Affaires \u00e9trang\u00e8res et de la conf\u00e9d\u00e9ration g\u00e9n\u00e9rale du travail (<span class=\"caps\">CGT<\/span>). Le minist\u00e8re des Affaires \u00e9trang\u00e8res et la ville de Cannes prennent en charge le financement. C\u2019est aujourd\u2019hui un Festival international tr\u00e8s m\u00e9diatis\u00e9, m\u00ealant l\u2019art, l\u2019argent et les \u00ab\u00a0paillettes\u00a0\u00bb. Au final, \u00ab\u00a0Cannes reste le festival le plus important au monde\u00a0\u00bb selon le r\u00e9alisateur anglo-am\u00e9ricain Ridley Scott (<em>Le Figaro<\/em>).<\/p>\n<blockquote>\n<p class=\"citation-small\">\u00ab\u00a0Je suis n\u00e9 deux fois\u00a0: la premi\u00e8re, le 4\u00a0d\u00e9cembre 1922, la seconde en juillet\u00a01951, en Avignon, o\u00f9 j\u2019ai eu, gr\u00e2ce \u00e0 Jean Vilar, la r\u00e9v\u00e9lation du vrai th\u00e9\u00e2tre.\u00a0\u00bb<span id=\"2878\" class=\"cit-num\">2878<\/span><\/p>\n<p class=\"auteur\">G\u00e9rard <span class=\"caps\">PHILIPE<\/span> (1922-1959), Apr\u00e8s la premi\u00e8re du <em>Cid<\/em>, Festival d\u2019Avignon, 18\u00a0juillet 1951. <em>La France de Vincent Auriol, 1947-1953<\/em> (1968), Gilbert Guilleminault<\/p>\n<\/blockquote>\n<p>Comme les critiques unanimes devant ce \u00ab\u00a0prince en Avignon\u00a0\u00bb, le public du Palais des Papes et bient\u00f4t toute la France, Jean Vilar sous le charme dira\u00a0: \u00ab\u00a0Apr\u00e8s ce Cid-l\u00e0, aucun metteur en sc\u00e8ne n\u2019osera en faire un autre avant vingt-cinq ans.\u00a0\u00bb<\/p>\n<p>C\u2019est aussi la naissance d\u2019un fait culturel unique dans l\u2019histoire du th\u00e9\u00e2tre et exemplaire pour le monde\u00a0: le festival d\u2019<strong>Avignon<\/strong> voulu par Vilar en 1947. Une aventure devenue aujourd\u2019hui une institution, peut-\u00eatre victime de son succ\u00e8s\u00a0: le th\u00e9\u00e2tre est un art tr\u00e8s diff\u00e9rent du cin\u00e9ma et les 1500 spectacles du festival off (en 2022) ne sont pas forc\u00e9ment un signe de sant\u00e9.<\/p>\n<p>Deux autres grands festivals fran\u00e7ais sont d\u00e9di\u00e9s au th\u00e9\u00e2tre lyrique\u00a0en \u00e9t\u00e9\u00a0: les Chor\u00e9gies d\u2019<strong>Orange<\/strong> cr\u00e9\u00e9es en 1869 par Berlioz (avant le Bayreuth de Wagner), premier festival au monde, recr\u00e9\u00e9 en 1971 dans le th\u00e9\u00e2tre antique de la ville et <strong>Aix-en-Provence<\/strong> cr\u00e9\u00e9 en 1948 \u00e0 la gloire de Mozart.<\/p>\n<p>La France est particuli\u00e8rement riche en festivals (musique classique, vari\u00e9t\u00e9s, rock, litt\u00e9rature, <span class=\"caps\">BD<\/span>, gastronomie, spectacles de rue, etc.) \u00b1 6 000 attirant pr\u00e8s de 20% des Fran\u00e7ais. Toutes les r\u00e9gions en b\u00e9n\u00e9ficient,\u00a0notamment le sud de la France \u2013 pour des raisons climatiques et touristiques \u2013 et la Bretagne. Bien plac\u00e9s dans le \u00ab\u00a0top 10\u00a0\u00bb des plus grands festivals de musique, citons les Francofolies de <strong>La Rochelle<\/strong>, les Vieilles Charrues (<strong>Carhaix-Plouguer<\/strong> dans le Finist\u00e8re), les Eurok\u00e9ennes de <strong>Belfort<\/strong>, le Printemps de <strong>Bourges<\/strong>, Jazz in <strong>Marciac<\/strong> (dans le Gers), le Festival de <strong>Carcassonne<\/strong>, le Festival interceltique de <strong>Lorient<\/strong>.<\/p>\n<blockquote>\n<p class=\"citation-small\">\u00ab\u00a0L\u2019Alg\u00e9rie, c\u2019est la France.\u00a0\u00bb<span id=\"2895\" class=\"cit-num\">2895<\/span><\/p>\n<p class=\"auteur\">Fran\u00e7ois <span class=\"caps\">MITTERRAND<\/span> (1916-1996), ministre de l\u2019Int\u00e9rieur du gouvernement Mend\u00e8s France, 5\u00a0novembre 1954. <em>Pierre Mend\u00e8s France<\/em> (1981), Jean Lacouture<\/p>\n<\/blockquote>\n<p>Dans la nuit du 31\u00a0octobre au 1er\u00a0novembre, une insurrection \u00e9clate en <strong>Alg\u00e9rie<\/strong>. Mitterrand s\u2019associe \u00e0 la position du pr\u00e9sident du Conseil Mend\u00e8s France\u00a0: \u00ab\u00a0Qu\u2019on n\u2019attende de nous aucun am\u00e9nagement avec la s\u00e9dition, aucun compromis avec elle [\u2026] Les d\u00e9partements de l\u2019Alg\u00e9rie font partie de la R\u00e9publique, ils sont fran\u00e7ais depuis longtemps [\u2026] Entre la population alg\u00e9rienne et la m\u00e9tropole, il n\u2019est pas de s\u00e9cession concevable [\u2026] Jamais la France, jamais aucun Parlement, jamais aucun gouvernement ne c\u00e9dera sur ce principe fondamental.\u00a0\u00bb Nul n\u2019imagine \u00e0 cette date la suite du conflit alg\u00e9rien.<\/p>\n<blockquote>\n<p class=\"citation-small\">\u00ab\u00a0Faire acc\u00e9der le Maroc au statut d\u2019\u00c9tat ind\u00e9pendant uni \u00e0 la France par les liens d\u2019une interd\u00e9pendance librement consentie.\u00a0\u00bb<span id=\"2901\" class=\"cit-num\">2901<\/span><\/p>\n<p class=\"auteur\">Antoine <span class=\"caps\">PINAY<\/span> (1891-1994), ministre des Affaires \u00e9trang\u00e8res, et <span class=\"caps\">MOHAMMED<\/span> V (1909-1961), sultan du Maroc, D\u00e9claration de la Celle Saint-Cloud, 6\u00a0novembre 1955. <em>Histoire du continent africain, de 1939 \u00e0 nos jours<\/em> (1996), Jean Jolly<\/p>\n<\/blockquote>\n<p>Cette formule de \u00ab\u00a0l\u2019ind\u00e9pendance dans l\u2019interd\u00e9pendance\u00a0\u00bb qui mariait les contraires reste l\u2019un des symboles des contradictions de la Quatri\u00e8me R\u00e9publique. Le <strong>Maroc<\/strong> obtiendra son ind\u00e9pendance totale le 3\u00a0mars 1956.<\/p>\n<blockquote>\n<p class=\"citation-small\">\u00ab\u00a0Maintenir et renforcer l\u2019union indissoluble entre l\u2019Alg\u00e9rie et la France m\u00e9tropolitaine [\u2026], en m\u00eame temps reconna\u00eetre et respecter la personnalit\u00e9 alg\u00e9rienne et r\u00e9aliser l\u2019\u00e9galit\u00e9 politique totale de tous les habitants de l\u2019Alg\u00e9rie.\u00a0\u00bb<span id=\"2904\" class=\"cit-num\">2904<\/span><\/p>\n<p class=\"auteur\">Guy <span class=\"caps\">MOLLET<\/span> (1905-1975), D\u00e9claration d\u2019investiture, Assembl\u00e9e nationale, 31\u00a0janvier 1956.<em> La Constitution de la <span class=\"caps\">IV<\/span>e\u00a0R\u00e9publique \u00e0 l\u2019\u00e9preuve de la guerre<\/em> (1963), Jean Barale<\/p>\n<\/blockquote>\n<p>Le gouvernement de Guy Mollet, laborieusement constitu\u00e9, est investi triomphalement\u00a0: 420 voix pour, face \u00e0 83 abstentions (les mod\u00e9r\u00e9s) et 71 voix contre (droite et extr\u00eame droite). C\u2019est un beau succ\u00e8s et ce sera le record de long\u00e9vit\u00e9 sous cette R\u00e9publique (seize mois). On attend de lui qu\u2019il en finisse avec le cauchemar alg\u00e9rien.<\/p>\n<p>Le 6\u00a0f\u00e9vrier, Guy Mollet se rend sur place\u00a0: les Fran\u00e7ais d\u2019Alg\u00e9rie le bombardent de tomates \u00e0 <strong>Alger<\/strong>. Il prend conscience du drame et de l\u2019extr\u00eame difficult\u00e9 \u00e0 en sortir. Pacification, \u00e9lections, n\u00e9gociations, tel est le programme. Mais le r\u00e9tablissement de l\u2019ordre va se r\u00e9v\u00e9ler impossible, malgr\u00e9 l\u2019envoi de 400\u00a0000 soldats. Pour la premi\u00e8re fois depuis la derni\u00e8re guerre, toutes les familles fran\u00e7aises se sentent concern\u00e9es.<\/p>\n<blockquote>\n<p class=\"citation-small\">\u00ab\u00a0Il ne faut pas d\u00e9sesp\u00e9rer Billancourt.\u00a0\u00bb<span id=\"2907\" class=\"cit-num\">2907<\/span><\/p>\n<p class=\"auteur\">Jean-Paul <span class=\"caps\">SARTRE<\/span> (1905-1980), \u00ab\u00a0d\u2019apr\u00e8s\u00a0\u00bb <em>Nekrassov<\/em>, cr\u00e9\u00e9 au Th\u00e9\u00e2tre Antoine, 1955<\/p>\n<\/blockquote>\n<p><strong>Billancourt<\/strong> (avec sa fameuse usine Renault) symbolisait naturellement la classe ouvri\u00e8re.<\/p>\n<p>Mot apocryphe ou, plus exactement, tour de passe-passe. <em>Nekrassov<\/em> est un malentendu\u00a0: pi\u00e8ce \u00e0 message, jug\u00e9e communiste par les anticommunistes et anticommuniste par les communistes, c\u2019est un \u00e9chec th\u00e9\u00e2tral. Le mot est aussi un bel exemple de \u00ab\u00a0r\u00e9cup\u00e9ration\u00a0\u00bb, ce que Sartre d\u00e9teste et nomme \u00ab\u00a0le baiser de la mort\u00a0\u00bb. Mais c\u2019est une manipulation, donc la preuve de l\u2019importance du texte. Il a \u00e9crit deux r\u00e9pliques\u00a0: \u00ab\u00a0Il ne faut pas d\u00e9sesp\u00e9rer les pauvres\u00a0\u00bb et \u00ab\u00a0D\u00e9sesp\u00e9rons Billancourt\u00a0\u00bb. La contraction des deux donne cette fameuse phrase. Qu\u2019il n\u2019aurait jamais dite, m\u00eame si le mot lui a \u00e9t\u00e9 pr\u00eat\u00e9 en mai\u00a01968.<\/p>\n<blockquote>\n<p class=\"citation-small\">\u00ab\u00a0La France conduisant elle-m\u00eame la Tunisie vers l\u2019ind\u00e9pendance r\u00e9alisera une conqu\u00eate des c\u0153urs plus efficace que celle qui r\u00e9sulte du trait\u00e9 du Bardo.\u00a0\u00bb<span id=\"2910\" class=\"cit-num\">2910<\/span><\/p>\n<p class=\"auteur\">Habib Ben Ali <span class=\"caps\">BOURGUIBA<\/span> (1903-2000). <em>Habib Bourguiba<\/em> (1969), Jean Rous<\/p>\n<\/blockquote>\n<p>L\u2019ind\u00e9pendance de la <strong>Tunisie<\/strong>, le 20\u00a0mars 1956, suit de peu celle du <strong>Maroc<\/strong>. Et ce militant nationaliste qui a choisi de n\u00e9gocier avec la Quatri\u00e8me R\u00e9publique fran\u00e7aise devient le premier pr\u00e9sident de la toute jeune R\u00e9publique tunisienne \u2013 de 1957 \u00e0 1987.<\/p>\n<p>C\u2019est une longue histoire. Le bey de Tunis avait \u00e9t\u00e9 contraint de signer le trait\u00e9 du Bardo le 12\u00a0mai 1881\u00a0: la Tunisie passait sous protectorat fran\u00e7ais. R\u00e9sistance nationale imm\u00e9diate. Plusieurs fois bris\u00e9e, toujours renaissante, elle poursuit son combat jusqu\u2019\u00e0 la formation du N\u00e9o-Destour, parti compos\u00e9 de jeunes intellectuels occidentalis\u00e9s et dirig\u00e9s par Bourguiba, leader du mouvement nationaliste en 1934. Reprise de la lutte en 1951, arrestation de Bourguiba. Devant l\u2019ampleur du terrorisme, Mend\u00e8s France a reconnu en 1954 l\u2019autonomie interne, et d\u00e9bloqu\u00e9 la situation.<\/p>\n<blockquote>\n<p class=\"citation-small\">\u00ab\u00a0L\u2019Occident qui, en dix ans, a donn\u00e9 l\u2019autonomie \u00e0 une dizaine de colonies, m\u00e9rite \u00e0 cet \u00e9gard plus de respect et, surtout, de patience que la Russie qui, dans le m\u00eame temps, a colonis\u00e9 ou plac\u00e9 sous un protectorat implacable une douzaine de pays de grande et ancienne civilisation.\u00a0\u00bb<span id=\"2911\" class=\"cit-num\">2911<\/span><\/p>\n<p class=\"auteur\">Albert <span class=\"caps\">CAMUS<\/span> (1913-1960), <em>Actuelles <span class=\"caps\">III<\/span>\u00a0: Chroniques 1939-1958, sous titr\u00e9es Chroniques alg\u00e9riennes<\/em> (1958), Avant-propos<\/p>\n<\/blockquote>\n<p>L\u2019expos\u00e9 des motifs de la loi-cadre du 23\u00a0juin 1956 sur les territoires d\u2019outre-mer, appel\u00e9e loi Defferre, annonce clairement la couleur\u00a0: \u00ab\u00a0Il ne faut pas se laisser devancer et dominer par les \u00e9v\u00e9nements pour ensuite c\u00e9der aux revendications lorsqu\u2019elles s\u2019expriment sous une forme violente. Il importe de prendre en temps utile les dispositions qui permettent d\u2019\u00e9viter des conflits graves.\u00a0\u00bb<\/p>\n<p>Cette loi facilitera une \u00e9volution rapide et paisible, passant par la Communaut\u00e9 de 1958 pour aboutir en 1960 \u00e0 \u00ab\u00a0l\u2019ann\u00e9e de l\u2019ind\u00e9pendance de l\u2019Afrique\u00a0\u00bb. Cette d\u00e9colonisation amorc\u00e9e doit \u00eatre port\u00e9e \u00e0 l\u2019actif de la Quatri\u00e8me R\u00e9publique. Mais l\u2019Alg\u00e9rie reste un cas tr\u00e8s particulier \u2013 et sensible.<\/p>\n<blockquote>\n<p class=\"citation-small\">\u00ab\u00a0Il est difficile de garder l\u2019Alg\u00e9rie, il est difficile de la perdre, il est encore plus difficile de la donner.\u00a0\u00bb<span id=\"2916\" class=\"cit-num\">2916<\/span><\/p>\n<p class=\"auteur\">F\u00e9lix <span class=\"caps\">GAILLARD<\/span> (1919-1970), pr\u00e9sident du Conseil, d\u00e9but 1958.<em> Vie politique sous la Cinqui\u00e8me R\u00e9publique<\/em> (1981), Jacques Chapsal<\/p>\n<\/blockquote>\n<p>Ce mot traduit \u00e0 la fois l\u2019ind\u00e9cision du pouvoir et l\u2019incertitude de l\u2019opinion publique m\u00e9tropolitaine dans sa grande majorit\u00e9.<\/p>\n<blockquote>\n<p class=\"citation-small\">\u00ab\u00a0L\u2019Arm\u00e9e au pouvoir\u00a0! Tous au <span class=\"caps\">GG<\/span>\u00a0!\u00a0\u00bb<span id=\"2920\" class=\"cit-num\">2920<\/span><\/p>\n<p class=\"auteur\">Cris de la foule, Alger, manifestation du 13\u00a0mai 1958.<em> L\u2019Appel au p\u00e8re\u00a0: de Clemenceau \u00e0 de Gaulle<\/em> (1992), Jean-Pierre Guichard<\/p>\n<\/blockquote>\n<p>Le <span class=\"caps\">GG<\/span>, c\u2019est le palais du gouverneur g\u00e9n\u00e9ral, devenu, depuis 1956 celui du ministre r\u00e9sident. Il est le symbole du pouvoir et, en tant que tel, pris d\u2019assaut, pill\u00e9. Un Comit\u00e9 de salut public se constitue, m\u00ealant Fran\u00e7ais et musulmans, civils et militaires, en une coalition tr\u00e8s h\u00e9t\u00e9roclite, pr\u00e9sid\u00e9e par le g\u00e9n\u00e9ral Massu\u00a0: c\u2019est le putsch d\u2019<strong>Alger<\/strong> ou coup d\u2019\u00c9tat du 13\u00a0mai (1958).<\/p>\n<blockquote>\n<p class=\"citation-small\">\u00ab\u00a0Deux pouvoirs s\u2019instaurent\u00a0: le pouvoir l\u00e9gal \u00e0 Paris et le pouvoir militaire \u00e0 Alger. Un troisi\u00e8me, le pouvoir moral, celui du g\u00e9n\u00e9ral de Gaulle, est encore \u00e0 Colombey.\u00a0\u00bb<span id=\"2921\" class=\"cit-num\">2921<\/span><\/p>\n<p class=\"auteur\">Jacques <span class=\"caps\">FAUVET<\/span> (1914-2002), <em>La Quatri\u00e8me R\u00e9publique<\/em> (1959)<\/p>\n<\/blockquote>\n<p>De Gaulle, retir\u00e9 de la sc\u00e8ne politique peu apr\u00e8s la guerre (20 janvier 1946), tr\u00e8s hostile au r\u00e9gime des partis de la Quatri\u00e8me, se tient en r\u00e9serve de la R\u00e9publique et sent son heure enfin revenue\u00a0: oui, la France a besoin de lui\u00a0! On imagine comme il a d\u00fb peser chaque mot de son premier communiqu\u00e9 \u00e0 la presse\u00a0: \u00ab\u00a0Nagu\u00e8re, le pays, dans ses profondeurs, m\u2019a fait confiance pour le conduire tout entier jusqu\u2019\u00e0 son salut. Aujourd\u2019hui, devant les \u00e9preuves qui montent de nouveau vers lui, qu\u2019il sache que je me tiens pr\u00eat \u00e0 assumer les pouvoirs de la R\u00e9publique.\u00a0\u00bb<\/p>\n<blockquote>\n<p class=\"citation-small\">\u00ab\u00a0Je vous ai compris\u00a0!\u00a0\u00bb<span id=\"2930\" class=\"cit-num\">2930<\/span><\/p>\n<p class=\"auteur\">Charles de <span class=\"caps\">GAULLE<\/span> (1890-1970), Discours au balcon du gouvernement g\u00e9n\u00e9ral \u00e0 Alger, 4\u00a0juin 1958.<em> M\u00e9moires d\u2019espoir<\/em>, tome\u00a0I, <em>Le Renouveau, 1958-1962<\/em> (1970), Charles de Gaulle<\/p>\n<\/blockquote>\n<p>Que n\u2019a-t-on dit sur ces quatre mots\u00a0! Dans ses <em>M\u00e9moires<\/em>, le G\u00e9n\u00e9ral explique\u00a0: \u00ab\u00a0Mots apparemment spontan\u00e9s dans la forme, mais au fond bien calcul\u00e9s, dont je veux qu\u2019elle [la foule] s\u2019enthousiasme, sans qu\u2019ils m\u2019emportent plus loin que je n\u2019ai r\u00e9solu d\u2019aller.\u00a0\u00bb<\/p>\n<p>Et il poursuit, face \u00e0 la foule\u00a0: \u00ab\u00a0Je vois que la route que vous avez ouverte en <strong>Alg\u00e9rie<\/strong>, c\u2019est celle de la r\u00e9novation et de la fraternit\u00e9 [\u2026] Jamais plus qu\u2019ici et jamais plus que ce soir, je n\u2019ai compris combien c\u2019est beau, combien c\u2019est grand, combien c\u2019est g\u00e9n\u00e9reux, la France.\u00a0\u00bb<\/p>\n<p>Au journaliste du <em>Monde<\/em> Andr\u00e9 Passeron, il confiera\u00a0le 6\u00a0mai 1966\u00a0: \u00ab\u00a0J\u2019ai toujours su et d\u00e9cid\u00e9 qu\u2019il faudrait donner \u00e0 l\u2019Alg\u00e9rie son ind\u00e9pendance. Mais imaginez, qu\u2019en 1958, quand je suis revenu au pouvoir, je disais sur le Forum d\u2019<strong>Alger<\/strong> qu\u2019il fallait que les Alg\u00e9riens prennent eux-m\u00eames leur gouvernement, il n\u2019y aurait plus eu de De Gaulle imm\u00e9diatement\u00a0!\u00a0\u00bb<\/p>\n<blockquote>\n<p class=\"citation-small\">\u00ab\u00a0Il n\u2019y a plus ici, je le proclame en son nom [la France] et je vous en donne ma parole, que des Fran\u00e7ais \u00e0 part enti\u00e8re, des compatriotes, des concitoyens, des fr\u00e8res qui marcheront d\u00e9sormais dans la vie en se tenant la main [\u2026] Vive l\u2019Alg\u00e9rie fran\u00e7aise.\u00a0\u00bb<span id=\"2931\" class=\"cit-num\">2931<\/span><\/p>\n<p class=\"auteur\">Charles de <span class=\"caps\">GAULLE<\/span> (1890-1970), Discours de Mostaganem, 6\u00a0juin 1958.<em> De Gaulle, 1958-1969<\/em> (1972), Andr\u00e9 Passeron<\/p>\n<\/blockquote>\n<p>\u00c0 <strong>Mostaganem<\/strong>, il confirme le fameux discours d\u2019Alger. De Gaulle fera cinq fois le voyage Paris-Alg\u00e9rie, en 1958. Il joue de son charisme qui est immense. Il veut montrer qu\u2019il prend l\u2019affaire alg\u00e9rienne en main, qu\u2019il y a un pouvoir et qu\u2019il l\u2019incarne. Bref, que c\u2019en est fini des m\u0153urs de la Quatri\u00e8me R\u00e9publique.<\/p>\n<blockquote>\n<p class=\"citation-small\">\u00ab\u00a0L\u2019homme de l\u2019espace dont c\u2019est le jour natal sera un milliard de fois moins lumineux et r\u00e9v\u00e9lera un milliard de fois moins de choses cach\u00e9es que l\u2019homme granit\u00e9, reclus et recouch\u00e9 de Lascaux, au dur membre d\u00e9bourb\u00e9 de la mort.\u00a0\u00bb<\/p>\n<p class=\"auteur\">Ren\u00e9 <span class=\"caps\">CHAR<\/span> (1907-1988), texte r\u00e9dig\u00e9 pour l\u2019affiche et placard\u00e9 par le po\u00e8te en 1959, \u00e0 l\u2019\u00e9poque des premiers spoutniks<\/p>\n<\/blockquote>\n<p>La grotte de <strong>Lascaux<\/strong> dans le <strong>P\u00e9rigord<\/strong> fut d\u00e9couverte pendant la guerre, le 8 septembre 1940. Le po\u00e8te \u00e9crit ce texte l\u2019ann\u00e9e du saut dans l\u2019espace des premiers satellites lanc\u00e9s par l\u2019<span class=\"caps\">URSS<\/span>, au tout d\u00e9but de la conqu\u00eate de l\u2019espace qui fit entrer l\u2019Homme dans l\u2019\u00e8re spatiale.<\/p>\n<p>Picasso le g\u00e9nie du si\u00e8cle lui aussi fascin\u00e9 par la grotte de Lascaux, avec cet art pr\u00e9historique monumental, ces figurations pari\u00e9tales peintes et grav\u00e9es, cheval, aurochs, bison, cerf et bouquetin dominant, suivis d\u2019animaux plus rares comme l\u2019ours, le rhinoc\u00e9ros et les grands f\u00e9lins, sans oublier l\u2019\u00e9tonnante Salle des taureaux, aurait dit\u00a0: \u00ab\u00a0Nous n\u2019avons rien invent\u00e9.\u00a0\u00bb Lascaux avec ses 4 sites est la grotte la plus connue au monde.<\/p>\n<p>Le P\u00e9rigord est particuli\u00e8rement riche en grottes de la pr\u00e9histoire, mais la grotte de <strong>Chauvet<\/strong> d\u00e9couverte en <strong>Ard\u00e8che<\/strong> en 1994 est \u00e0 ce jour la plus ancienne (plus de 40 000 ans). Visite interdite, d\u2019o\u00f9 sa r\u00e9plique exacte, la grotte du Pont d\u2019Arc.<\/p>\n<p><a href=\"https:\/\/histoire-en-citations.fr\/WP\/boutique\/\"><img decoding=\"async\" src=\"https:\/\/histoire-en-citations.fr\/WP\/wp-content\/uploads\/2025\/06\/histoire-en-citations-volume-10-54.jpg\" style=\"margin-left: auto;margin-right: auto\" width=\"165\" height=\"220\"><\/a><\/p>\n<p style=\"text-align: center\"><a href=\"https:\/\/histoire-en-citations.fr\/WP\/boutique\/\">Revivez toute l\u2019Histoire en citations dans nos Chroniques<\/a>, livres \u00e9lectroniques qui racontent l\u2019histoire de France de la Gaule \u00e0 nos jours, en 3 500 citations num\u00e9rot\u00e9es, sourc\u00e9es, replac\u00e9es dans leur contexte, et sign\u00e9es par pr\u00e8s de 1 200 auteurs.<\/p>\n<h4 style=\"text-align: center\"><span class=\"caps\">CINQUI\u00c8ME<\/span> <span class=\"caps\">R\u00c9PUBLIQUE<\/span><\/h4>\n<blockquote>\n<p class=\"citation-small\">\u00ab\u00a0La d\u00e9colonisation est notre int\u00e9r\u00eat et par cons\u00e9quent notre politique. Pourquoi resterions-nous accroch\u00e9s \u00e0 des dominations co\u00fbteuses, sanglantes et sans issue, alors que notre pays est \u00e0 renouveler de fond en comble\u00a0?\u00a0\u00bb<span id=\"2939\" class=\"cit-num\">2939<\/span><\/p>\n<p class=\"auteur\">Charles de <span class=\"caps\">GAULLE<\/span> (1890-1970), Conf\u00e9rence de presse, 11\u00a0avril 1961.<em> Paroles de chefs, 1940-1962<\/em> (1963), Claude Cy, Charles de Gaulle<\/p>\n<\/blockquote>\n<p>Le pr\u00e9sident a reconnu auparavant que la France a r\u00e9alis\u00e9 outre-mer une grande \u0153uvre humaine qui, malgr\u00e9 des abus ou des erreurs, lui fait pour toujours honneur. La Quatri\u00e8me\u00a0R\u00e9publique qui a commenc\u00e9 la d\u00e9colonisation (<strong>Indochine, Maroc, Tunisie, Afrique noire<\/strong> en cours) a rappel\u00e9 de Gaulle au pouvoir pour r\u00e9soudre l\u2019\u00ab\u00a0affaire alg\u00e9rienne\u00a0\u00bb. Ce qu\u2019il a fait, donnant \u00e0 l\u2019<strong>Alg\u00e9rie<\/strong> l\u2019ind\u00e9pendance inscrite dans le cours de l\u2019histoire.<\/p>\n<blockquote>\n<p class=\"citation-small\">\u00ab\u00a0L\u2019Alg\u00e9rie de papa est morte. Si on ne le comprend pas, on mourra avec elle.\u00a0\u00bb<span id=\"2984\" class=\"cit-num\">2984<\/span><\/p>\n<p class=\"auteur\">Charles de <span class=\"caps\">GAULLE<\/span> (1890-1970), D\u00e9claration \u00e0 Pierre Laffont, directeur de <em>L\u2019\u00c9cho d\u2019Oran<\/em>, 29\u00a0avril 1959. <em>Alg\u00e9rie 1962, la guerre est finie<\/em> (2002), Jean Lacouture<\/p>\n<\/blockquote>\n<p>Mais que sera l\u2019<strong>Alg\u00e9rie<\/strong> de l\u2019avenir\u00a0? Le pr\u00e9sident est trop pragmatique, l\u2019Alg\u00e9rie trop d\u00e9chir\u00e9e par la guerre et les \u00e9v\u00e9nements trop incertains pour que soit fix\u00e9e une ligne politique.<\/p>\n<p>De Gaulle attend la mi-septembre pour lancer le mot, l\u2019id\u00e9e d\u2019\u00ab\u00a0autod\u00e9termination\u00a0\u00bb, d\u2019o\u00f9 trois solutions possibles\u00a0: s\u00e9cession pure et simple, francisation compl\u00e8te dans l\u2019\u00e9galit\u00e9 des droits \u00ab\u00a0de <strong>Dunkerque<\/strong> \u00e0 <strong>Tamanrasset\u00a0<\/strong>\u00a0\u00bb, ou gouvernement des Alg\u00e9riens par les Alg\u00e9riens en union \u00e9troite avec la France. En France, la droite qui veut l\u2019Alg\u00e9rie fran\u00e7aise commence \u00e0 se diviser\u00a0; en Alg\u00e9rie, le <span class=\"caps\">GPRA<\/span> veut des n\u00e9gociations pr\u00e9alables et l\u2019arm\u00e9e va vivre bien des d\u00e9chirements.<\/p>\n<blockquote>\n<p class=\"citation-small\">\u00ab\u00a0Je puis vous assurer que la Loire continuera \u00e0 couler dans son lit.\u00a0\u00bb<span id=\"2986\" class=\"cit-num\">2986<\/span><\/p>\n<p class=\"auteur\">Charles de <span class=\"caps\">GAULLE<\/span> (1890-1970), Aux maires du Loiret, \u00e0 Orl\u00e9ans, mai\u00a01959. <em>De Gaulle parle\u00a0: des institutions, de l\u2019Alg\u00e9rie, de l\u2019arm\u00e9e, des affaires \u00e9trang\u00e8res, de la Communaut\u00e9, de l\u2019\u00e9conomie et des questions sociales<\/em> (1962), Andr\u00e9 Passeron<\/p>\n<\/blockquote>\n<p>Mot qualifi\u00e9 d\u2019\u00ab\u00a0infrahistorique\u00a0\u00bb par son biographe Jean Lacouture. De Gaulle, pour \u00eatre lui-m\u00eame, a besoin de circonstances exceptionnelles et tout pr\u00e9sident de la R\u00e9publique doit prononcer \u00ab\u00a0au quotidien\u00a0\u00bb d\u2019innombrables discours sur tout et sur rien. Ici \u00e0 <strong>Orl\u00e9ans<\/strong>. Voir le \u00ab\u00a0Que d\u2019eau, que d\u2019eau\u00a0!\u00a0\u00bb de Mac-Mahon devant les inondations de <strong>Toulouse<\/strong>.<\/p>\n<p>Dans le m\u00eame esprit, de Gaulle \u00e0 F\u00e9camp\u00a0: \u00ab\u00a0Je salue <strong>F\u00e9camp<\/strong>, port de mer et qui entend le rester\u00a0\u00bb et \u00e0 <strong>Lyon\u00a0<\/strong>: \u00ab\u00a0Lyon n\u2019a jamais \u00e9t\u00e9 aussi lyonnaise.\u00a0\u00bb<\/p>\n<blockquote>\n<p class=\"citation-small\">\u00ab\u00a0Le g\u00e9n\u00e9ral de Gaulle est-il donc si seul, si peu inform\u00e9, si mal conseill\u00e9\u00a0? La Moselle n\u2019est pas l\u2019Alg\u00e9rie, les mineurs ne sont pas l\u2019<span class=\"caps\">OAS<\/span>.\u00a0\u00bb<span id=\"3015\" class=\"cit-num\">3015<\/span><\/p>\n<p class=\"auteur\">Jean-Jacques <span class=\"caps\">SERVAN<\/span>\u2013<span class=\"caps\">SCHREIBER<\/span> (1924-2006), <em>L\u2019Express<\/em>, 7\u00a0mars 1963. <em>Chronique des ann\u00e9es soixante<\/em> (1990), Michel Winock<\/p>\n<\/blockquote>\n<p><em>L\u2019Express<\/em>, cr\u00e9\u00e9 en 1953 par \u00ab\u00a0<span class=\"caps\">JJSS<\/span>\u00a0\u00bb (29\u00a0ans) pour soutenir la candidature de Mend\u00e8s France et tr\u00e8s politis\u00e9 durant toute la guerre d\u2019Alg\u00e9rie, est encore un hebdo r\u00e9solument de gauche, partant pour toutes les croisades et fier de ses grandes signatures.<\/p>\n<p>Dans un climat de paix sociale relative (deux fois moins de jours de gr\u00e8ve en 1958-1967 qu\u2019en 1948-1957), \u00e9clate le 1er\u00a0mars 1963 la gr\u00e8ve totale des mineurs de <strong>Lorraine<\/strong> et du <strong>Nord-Pas-de-Calais<\/strong>. Le d\u00e9cret de r\u00e9quisition, sign\u00e9 le 2\u00a0mars \u00e0 Colombey-les-Deux-\u00c9glises, n\u2019arrange rien\u00a0! Les syndicats appellent \u00e0 une gr\u00e8ve g\u00e9n\u00e9rale d\u2019un quart d\u2019heure pour protester contre l\u2019atteinte au droit de gr\u00e8ve. M\u00eame la presse de droite est critique, ainsi Jean Grandmougin dans <em>L\u2019Aurore<\/em>\u00a0: \u00ab\u00a0On ne s\u2019adresse pas \u00e0 des mineurs comme \u00e0 des enfants de troupe.\u00a0\u00bb<\/p>\n<p>La cote de popularit\u00e9 du pr\u00e9sident tombe, les mineurs sont tr\u00e8s populaires en France et leur gr\u00e8ve aussi, qui ne g\u00eane personne. Ils gagneront d\u00e9but avril\u00a0: hausse de salaires, quatri\u00e8me semaine de cong\u00e9s pay\u00e9s. Mais le charbon perdra bient\u00f4t la bataille de l\u2019\u00e9nergie, contre d\u2019autres sources moins co\u00fbteuses \u2013 et plus \u00e9cologiques.<\/p>\n<blockquote>\n<p class=\"citation-small\">\u00ab\u00a0La Corr\u00e8ze plut\u00f4t que le Zamb\u00e8ze.\u00a0\u00bb<span id=\"3019\" class=\"cit-num\">3019<\/span><\/p>\n<p class=\"auteur\">Raymond <span class=\"caps\">CARTIER<\/span> (1904-1975), slogan symbolisant une volont\u00e9 de d\u00e9sengagement. <em>L\u2019Afrique\u00a0: un continent en r\u00e9serve de d\u00e9veloppement<\/em> (2004), Sylvie Brunel<\/p>\n<\/blockquote>\n<p>On donne \u00e0 cette tendance isolationniste le nom de carti\u00e9risme, du nom de Raymond Cartier\u00a0: \u00ab\u00a0Attention, la France dilapide son argent [\u2026] Nous compromettons notre avenir en prenant une part excessive dans l\u2019aide aux pays sous-d\u00e9velopp\u00e9s\u00a0\u00bb (<em>Paris Match<\/em>, 29\u00a0f\u00e9vrier 1964).<\/p>\n<blockquote>\n<p class=\"citation-small\">\u00ab\u00a0Bal tragique \u00e0 Colombey\u00a0: un mort.\u00a0\u00bb<span id=\"3128\" class=\"cit-num\">3128<\/span><\/p>\n<p class=\"auteur\"><em>Hara-Kiri<\/em>, Hebdo satirique, titre pleine page du lundi 16\u00a0novembre 1970, n\u00b0\u00a094<\/p>\n<\/blockquote>\n<p>1er\u00a0novembre, l\u2019incendie d\u2019un dancing a fait 146 morts et les journaux ont titr\u00e9 sur ce bal tragique. Le titre est d\u00e9tourn\u00e9, dans l\u2019esprit \u00ab\u00a0b\u00eate et m\u00e9chant\u00a0\u00bb du journal. L\u2019\u00e9quipe a planch\u00e9 sur le probl\u00e8me, mais pour une fois, aucun dessin ne pouvait rivaliser avec ces simples mots\u00a0: \u00ab\u00a0Bal tragique \u00e0 Colombey\u00a0: un mort\u00a0\u00bb. Rappelons la mort du g\u00e9n\u00e9ral de Gaulle \u00e0 <strong>Colombey<\/strong>, le 9 novembre.<\/p>\n<p>Interdiction \u00e0 l\u2019affichage le jour m\u00eame. <em>Hari-Kiri<\/em> est mort, vive <em>Charlie Hebdo<\/em> qui para\u00eet d\u00e8s la semaine suivante, dans le m\u00eame esprit, avec les m\u00eames journalistes\u00a0: Cavanna, Reiser, Wolinski et Cie.<\/p>\n<blockquote>\n<p class=\"citation-small\">\u00ab\u00a0C\u2019est possible\u00a0: on fabrique, on vend, on se paie\u00a0!\u00a0\u00bb<span id=\"3145\" class=\"cit-num\">3145<\/span><\/p>\n<p class=\"auteur\">Banderole d\u00e9ploy\u00e9e devant l\u2019usine Lip de Besan\u00e7on, ao\u00fbt\u00a01973. <em>De Mai\u00a068 \u00e0 Lip\u00a0: un Dominicain au c\u0153ur des luttes<\/em> (2008), Jean Ragu\u00e9n\u00e8s<\/p>\n<\/blockquote>\n<p>L\u2019affaire Lip commence le 17\u00a0avril\u00a0\u00e0 <strong>Besan\u00e7on<\/strong>\u00a0: gr\u00e8ve contre la menace de d\u00e9p\u00f4t de bilan. Lip, marque populaire, est \u00e0 la pointe du progr\u00e8s, produisant des montres \u00e9lectriques et les premi\u00e8res montres \u00e0 quartz. Mais la production asiatique exerce d\u00e9j\u00e0 une rude concurrence en ce secteur.<\/p>\n<p>Le 18\u00a0juin, les salari\u00e9s abandonn\u00e9s par les patrons occupent l\u2019usine. Le stock de montres est plac\u00e9 en lieu s\u00fbr\u00a0: c\u2019est le \u00ab\u00a0tr\u00e9sor de guerre\u00a0\u00bb estim\u00e9 \u00e0 plusieurs dizaines de millions (de francs). Les machines sont entretenues par les salari\u00e9s qui continuent la production. Un ouvrier syndicaliste <span class=\"caps\">CFDT<\/span> (Charles Piaget) prend la t\u00eate de l\u2019affaire, un \u00e9lan de solidarit\u00e9 gagne la France, cependant que la presse titre sur cette usine qui pr\u00e9tend se passer de <span class=\"caps\">PDG<\/span> et m\u00eame de directeurs\u00a0: \u00ab\u00a0C\u2019est Piaget qui m\u00e8ne la danse\u00a0\u00bb (<em>Paris Match<\/em>), \u00ab\u00a0Plus jamais comme avant\u00a0\u00bb (<em>Le Nouvel Observateur<\/em>), \u00ab\u00a0On est avec eux\u00a0\u00bb (<em>Tribune socialiste<\/em>), \u00ab\u00a0Un r\u00eave devenu r\u00e9alit\u00e9\u00a0\u00bb (<em>Lib\u00e9ration<\/em>), \u00ab\u00a0Un prototype p\u00e9rilleux\u00a0\u00bb (<em>Le Figaro<\/em>).<\/p>\n<p>Le pr\u00e9sident Pompidou dira en ao\u00fbt \u00e0 son entourage\u00a0: \u00ab\u00a0Lip, \u00e7a n\u2019int\u00e9resse que les intellectuels de gauche\u00a0\u00bb. Et Messmer, chef du gouvernement en janvier\u00a01974 et apr\u00e8s neuf mois de conflit\u00a0: \u00ab\u00a0Lip, c\u2019est fini.\u00a0\u00bb<\/p>\n<p>Mais Lip va revivre, et d\u2019abord susciter au <span class=\"caps\">PSU<\/span> de Michel Rocard et \u00e0 la <span class=\"caps\">CFDT<\/span> d\u2019Edmond Maire un espoir d\u2019autogestion ouvri\u00e8re. L\u2019entreprise se r\u00e9v\u00e8le non viable en coop\u00e9rative de production, dans les ann\u00e9es 1980. Reprise en 1990 par Jean-Claude Sensemat (un homme d\u2019affaires partant pour l\u2019aventure), Lip France redevient prosp\u00e8re \u00e0 Besan\u00e7on \u00e0 partir des ann\u00e9es 2000.<\/p>\n<blockquote>\n<p class=\"citation-small\">Paysans, ouvriers, tous unis, nous garderons le Larzac.<span id=\"3146\" class=\"cit-num\">3146<\/span><\/p>\n<p class=\"auteur\">Slogan de la manifestation du Larzac, 24 et 25\u00a0ao\u00fbt 1973. <em>L\u2019Histoire au jour le jour, 1944-1985<\/em> (1985), Daniel Junqua, Marc Lazar, Bernard F\u00e9ron<\/p>\n<\/blockquote>\n<p>Autre affaire et mouvement fr\u00e8re de Lip, d\u2019o\u00f9 manifestation commune et slogan qui unit \u00ab\u00a0Paysans, ouvriers\u2026\u00a0\u00bb<\/p>\n<p>Le plus grand causse du sud du <strong>Massif Central<\/strong> abrite un camp militaire de 3\u00a0000 hectares. Le ministre de la D\u00e9fense, Michel Debr\u00e9, a d\u00e9cid\u00e9 de l\u2019agrandir jusqu\u2019\u00e0 13\u00a0700 hectares\u00a0: protestations des agriculteurs menac\u00e9s d\u2019expropriation et des d\u00e9fenseurs de l\u2019environnement. Certains voient dans ce rassemblement un gentil feu de camp d\u2019amateurs de roquefort authentique. Pour d\u2019autres, cette rencontre entre les ouvriers-producteurs de Lip et les paysans-travailleurs du Larzac marque l\u2019\u00e9bauche d\u2019une nouvelle culture politique, et la naissance de l\u2019altermondialisme \u00e0 la fran\u00e7aise. Les militants s\u2019organisent en collectif, la r\u00e9sistance non violente multiple les actions de \u00ab\u00a0d\u00e9sob\u00e9issance civile\u00a0\u00bb, quelque 150 Comit\u00e9s Larzac multiplient les d\u00e9fil\u00e9s, meetings, gr\u00e8ves de la faim et mobilisent des dizaines de milliers de sympathisants, derri\u00e8re des slogans \u00e0 la Mai\u00a068\u00a0: Faites labour, pas la guerre \u2013 Des moutons, pas des canons \u2013 Debr\u00e9 ou de force, nous garderons le Larzac \u2013 Le <span class=\"caps\">BL\u00c9<\/span> fait vivre, les armes font mourir \u2013 Ouvriers et paysans, m\u00came combat.<\/p>\n<p>Jos\u00e9 Bov\u00e9 prend go\u00fbt \u00e0 l\u2019\u00e9cologie avec cette forme de r\u00e9volte m\u00e9diatique, et Sartre solidaire, deux ans avant sa mort, exprime son soutien\u00a0: \u00ab\u00a0Je vous salue paysans du Larzac et je salue votre lutte pour la justice, la libert\u00e9 et pour la paix, la plus belle lutte de notre vingti\u00e8me si\u00e8cle\u00a0\u00bb (lettre du 28\u00a0octobre 1978).<\/p>\n<p>L\u2019histoire finit bien\u00a0: Fran\u00e7ois Mitterrand, \u00e9lu pr\u00e9sident de la R\u00e9publique le 10\u00a0mai 1981, renoncera au projet d\u2019extension du camp militaire du <strong>Larzac<\/strong>.<\/p>\n<blockquote>\n<p class=\"citation-small\">\u00ab\u00a0La d\u00e9centralisation sera au c\u0153ur de l\u2019exp\u00e9rience du gouvernement de la gauche. La R\u00e9publique se sera enfin lib\u00e9r\u00e9e de la monarchie.\u00a0\u00bb<span id=\"3226\" class=\"cit-num\">3226<\/span><\/p>\n<p class=\"auteur\">Pierre <span class=\"caps\">MAUROY<\/span> (1928-2013), <em>H\u00e9ritiers de l\u2019avenir<\/em> (1977)<\/p>\n<\/blockquote>\n<p>Grande id\u00e9e de la gauche et r\u00e9forme de structure non remise en question plus tard. Selon Mitterrand\u00a0: \u00ab\u00a0C\u2019est la centralisation qui a contribu\u00e9 \u00e0 l\u2019unit\u00e9 fran\u00e7aise\u00a0; c\u2019est la d\u00e9centralisation qui emp\u00eachera que cette unit\u00e9 se d\u00e9fasse.\u00a0\u00bb Les lois Defferre (du nom du ministre de l\u2019Int\u00e9rieur et de la D\u00e9centralisation) seront prises de mars\u00a01982 \u00e0 juillet\u00a01983. La tutelle pesant sur les collectivit\u00e9s territoriales est remplac\u00e9e par un contr\u00f4le a posteriori confi\u00e9 au juge administratif, la fonction ex\u00e9cutive revenant aux pr\u00e9sidents de conseil g\u00e9n\u00e9ral et r\u00e9gional.<\/p>\n<p>Quant au transfert des comp\u00e9tences de l\u2019\u00c9tat vers les collectivit\u00e9s territoriales, il s\u2019applique \u00e0 de nombreux domaines\u00a0: urbanisme, action sociale, formation professionnelle, gestion des coll\u00e8ges et lyc\u00e9es. Mais les transferts financiers seront insuffisants pour faire face \u00e0 un tel \u00e9largissement des pouvoirs. Et une r\u00e9forme mal financ\u00e9e est difficile \u00e0 bien appliquer.<\/p>\n<blockquote>\n<p class=\"citation-small\">\u00ab\u00a0Sublime, forc\u00e9ment sublime.\u00a0\u00bb<span id=\"3254\" class=\"cit-num\">3254<\/span><\/p>\n<p class=\"auteur\">Marguerite <span class=\"caps\">DURAS<\/span> (1914-1996), tribune dans <em>Lib\u00e9ration<\/em>, 17\u00a0juillet 1985<\/p>\n<\/blockquote>\n<p>Les faits divers se passent presque toujours en province et c\u2019est l\u2019un des plus marquant et m\u00e9diatis\u00e9s, surtout que l\u2019\u00e9nigme reste enti\u00e8re et refait la une des journaux \u2013 en mars 2023, suite \u00e0 de nouvelles expertises.<\/p>\n<p>Serge July, patron de <em>Lib\u00e9<\/em>, a envoy\u00e9 Marguerite Duras sur le lieu du drame qui bouleverse la France, depuis le 16\u00a0octobre 1984. \u00c0 <strong>L\u00e9panges-sur-Vologne<\/strong> (d\u00e9partement des Vosges), on a retrouv\u00e9 dans la Vologne le corps du petit Gr\u00e9gory assassin\u00e9. Duras demande \u00e0 rencontrer la m\u00e8re, qui refuse. Christine Villemin subit un harc\u00e8lement m\u00e9diatique qui se nourrit du myst\u00e8re et des rebondissements de l\u2019affaire.<\/p>\n<p>Duras, auteur obsessionnellement fascin\u00e9e par les faits divers, adopte une m\u00e9thode \u00ab\u00a0d\u2019impr\u00e9gnation du r\u00e9el\u00a0\u00bb. Sans preuves, au m\u00e9pris de la pr\u00e9somption d\u2019innocence, elle se fait m\u00e9dium pour acc\u00e9der \u00e0 la v\u00e9rit\u00e9\u00a0: \u00ab\u00a0D\u00e8s que je vois la maison, je crie que le crime a exist\u00e9. Je le crois. Au-del\u00e0 de toute raison [\u2026] On l\u2019a tu\u00e9 dans la douceur ou dans un amour devenu fou.\u00a0\u00bb Et le \u00ab\u00a0sublime, forc\u00e9ment sublime\u00a0\u00bb devient \u00ab\u00a0coupable, forc\u00e9ment coupable.\u00a0\u00bb<\/p>\n<p>Embarrass\u00e9, July r\u00e9dige un avertissement sur \u00ab\u00a0la transgression de l\u2019\u00e9criture\u00a0\u00bb, rappelant la libert\u00e9 inh\u00e9rente \u00e0 l\u2019\u00e9criture de l\u2019artiste. Mais vu la notori\u00e9t\u00e9 de l\u2019artiste et la m\u00e9diatisation de l\u2019affaire, une pol\u00e9mique s\u2019ensuit. Selon Laure Adler sa biographe, \u00ab\u00a0Marguerite Duras se d\u00e9fendra toujours de ce \u00ab\u00a0sublime, forc\u00e9ment sublime\u00a0\u00bb\u00a0; elle dira l\u2019avoir barr\u00e9 avant de remettre son texte au journal et reprochera \u00e0 Serge July de l\u2019avoir r\u00e9tabli sans l\u2019avoir consult\u00e9e. Mais, pour le reste, elle confirmera ce qu\u2019elle a alors, sous le coup de l\u2019\u00e9motion, \u00e9crit, relu sous forme manuscrite, puis corrig\u00e9 sur les \u00e9preuves d\u2019imprimerie.\u00a0\u00bb<\/p>\n<p>En 2006, Denis Robert qui suivait en 1985 l\u2019affaire Gr\u00e9gory pour <em>Lib\u00e9ration<\/em>, donne une version contraire\u00a0: le texte est en r\u00e9alit\u00e9 une \u00ab\u00a0version all\u00e9g\u00e9e\u00a0\u00bb d\u2019une premi\u00e8re tribune, refus\u00e9e par la r\u00e9daction du journal, et dans laquelle Duras \u00ab\u00a0d\u00e9veloppait l\u2019id\u00e9e qu\u2019une m\u00e8re qui donne la vie a le droit de la retirer\u00a0\u00bb.<\/p>\n<blockquote>\n<p class=\"citation-small\">Que les pollueurs soient les payeurs.<span id=\"3355\" class=\"cit-num\">3355<\/span><\/p>\n<p class=\"auteur\">Slogan \u00e9cologiste devenu principe juridique, lors des mar\u00e9es noires<\/p>\n<\/blockquote>\n<p>12\u00a0d\u00e9cembre 1999, en pleine temp\u00eate sur le <strong>Finist\u00e8re<\/strong>, <em>l\u2019Erika<\/em>, p\u00e9trolier battant pavillon maltais, coule. 31\u00a0000 tonnes de fuel d\u00e9rivent et vont polluer 400 kilom\u00e8tres de c\u00f4tes, tuant plus de 150\u00a0000 oiseaux\u2026<\/p>\n<p>Premi\u00e8re mar\u00e9e noire en 1967\u00a0: le <em>Torrey Canyon<\/em>, p\u00e9trolier du Kowe\u00eft, 120\u00a0000 tonnes de brut qui vont souiller les c\u00f4tes de Cornouailles (anglaises) et de <strong>Bretagne<\/strong>. La consommation de p\u00e9trole a explos\u00e9 depuis 1950 et cette catastrophe contribue \u00e0 l\u2019\u00e9closion d\u2019une \u00e9cologie politique. L\u2019Europe d\u00e9couvre un risque jusqu\u2019alors n\u00e9glig\u00e9, les pays menac\u00e9s prennent des mesures de pr\u00e9vention. Mais la s\u00e9rie noire continue.<em> Amoco Cadiz, Erika, Exxon Valdez<\/em>, en un demi-si\u00e8cle, les mar\u00e9es noires se succ\u00e8dent au rythme des d\u00e9gazages, naufrages de navires ou explosions de plateformes p\u00e9troli\u00e8res\u00a0: d\u00e9sastres aux co\u00fbts exorbitants.<\/p>\n<p>Apr\u00e8s sept ans d\u2019enqu\u00eate, le proc\u00e8s de <em>l\u2019Erika<\/em> commence, le 12\u00a0f\u00e9vrier 2007\u00a0: quatre mois d\u2019audience, quinze inculp\u00e9s, quarante-neuf t\u00e9moins et experts, une cinquantaine d\u2019avocats. Le tribunal correctionnel de Paris rend son jugement le 16\u00a0janvier 2008\u00a0: 300 pages retracent l\u2019historique et les fautes commises, le groupe Total \u00e9tant reconnu coupable de pollution maritime et condamn\u00e9 \u00e0 verser 192\u00a0millions d\u2019euros. L\u2019armateur, le gestionnaire et l\u2019organisme de certification du navire sont d\u00e9clar\u00e9s coupables de faute caract\u00e9ris\u00e9e. Le principe du pollueur payeur est clairement valid\u00e9 et, pour la premi\u00e8re fois, le droit reconna\u00eet le pr\u00e9judice \u00e9cologique en tant que tel. Le 25 septembre 2012, la Cour de cassation confirme toutes les condamnations d\u00e9j\u00e0 prononc\u00e9es depuis treize ans, et ajoute \u00e0 la responsabilit\u00e9 p\u00e9nale une responsabilit\u00e9 civile pour le groupe Total. Pour Corinne Lepage, avocate de dix communes du littoral, \u00ab\u00a0c\u2019est un tr\u00e8s grand jour pour tous les d\u00e9fenseurs de l\u2019environnement.\u00a0\u00bb<\/p>\n<blockquote>\n<p class=\"citation-small\">\u00ab\u00a0Un autre fait divers inqui\u00e9tant \u00e0 Orl\u00e9ans. C\u2019est un septuag\u00e9naire qui a \u00e9t\u00e9 agress\u00e9 par deux jeunes qui voulaient lui prendre de l\u2019argent. Ayant refus\u00e9 de se faire racketter, lui-m\u00eame a \u00e9t\u00e9 rou\u00e9 de coups, sa maison a \u00e9t\u00e9 incendi\u00e9e.\u00a0\u00bb<span id=\"3371\" class=\"cit-num\">3371<\/span><\/p>\n<p class=\"auteur\">Claire <span class=\"caps\">CHAZAL<\/span> (n\u00e9e en 1956), Journal de 20\u00a0heures, <span class=\"caps\">TF1<\/span>, 19\u00a0avril 2002<\/p>\n<\/blockquote>\n<p>Apr\u00e8s la tuerie de <strong>Nanterre<\/strong> (folie meurtri\u00e8re de Richard Dunn, 8 morts et 10 bless\u00e9s par balle au conseil municipal, le 27\u00a0mars), voici un fait divers tristement banal, en date du 18\u00a0avril. Le lendemain, la premi\u00e8re cha\u00eene de France diffuse les images d\u2019un vieillard au visage tum\u00e9fi\u00e9. Paul Voise, de son lit d\u2019h\u00f4pital, d\u00e9taille l\u2019agression. Deux voyous auraient tent\u00e9 de le ran\u00e7onner, avant de mettre le feu \u00e0 son pavillon.<\/p>\n<p>\u00c0 deux jours des \u00e9lections, la d\u00e9linquance et l\u2019ins\u00e9curit\u00e9 sont au c\u0153ur de la campagne. L\u2019\u00e9motion est d\u2019autant plus vive. Des gens proposent de participer \u00e0 la reconstruction du pavillon. C\u2019est donc un bon sujet.<\/p>\n<p>Le lendemain, <span class=\"caps\">TF1<\/span> revient longuement sur \u00ab\u00a0cette terrible histoire\u00a0\u00bb et l\u2019\u00e9lan de solidarit\u00e9 des Fran\u00e7ais. Sorti de l\u2019h\u00f4pital, voici \u00ab\u00a0Papy Voise\u00a0\u00bb, gouaille de vieux titi et bouille sympathique, entour\u00e9 de voisines qui commentent\u00a0: \u00ab\u00a0Le monsieur, \u00e7a faisait la troisi\u00e8me fois qu\u2019il \u00e9tait agress\u00e9 [\u2026] Ici dans le quartier, c\u2019est de pire en pire.\u00a0\u00bb Claire Chazal compatit. Il soupire\u00a0: \u00ab\u00a0De tout c\u0153ur, de tout son amour, M.\u00a0Voise vous dit merci.\u00a0\u00bb<\/p>\n<p>France 2 qui a rat\u00e9 l\u2019information la veille se rattrape en for\u00e7ant le trait, \u00e9voquant, dans une surench\u00e8re d\u2019adjectifs, \u00ab\u00a0la violence stupide et r\u00e9voltante \u00e0 <strong>Orl\u00e9ans<\/strong>\u2026\u00a0\u00bb \u00c0 la veille des \u00e9lections, 30\u00a0% des gens ne savaient pas encore pour qui voter. Cette fois, l\u2019\u00e9motion, port\u00e9e \u00e0 son comble, va naturellement l\u2019emporter sur la raison. En 24\u00a0heures chrono, la France est pass\u00e9e de l\u2019inqui\u00e9tude \u00e0 la r\u00e9volte. L\u2019agression de Paul Voise n\u2019est plus un simple fait divers, c\u2019est une affaire, un embl\u00e8me.<\/p>\n<blockquote>\n<p class=\"citation-small\">\u00ab\u00a0On va nettoyer au K\u00e4rcher la Cit\u00e9 des 4000.\u00a0\u00bb<span id=\"3392\" class=\"cit-num\">3392<\/span><\/p>\n<p class=\"auteur\">Nicolas <span class=\"caps\">SARKOZY<\/span> (n\u00e9 en 1955), ministre de l\u2019Int\u00e9rieur, 20\u00a0juin 2005, \u00e0 la Courneuve<\/p>\n<\/blockquote>\n<p>Le 19\u00a0juin, dans l\u2019apr\u00e8s-midi, Sid-Ahmed Hammache, 11\u00a0ans, a \u00e9t\u00e9 mortellement bless\u00e9 au c\u0153ur par une balle perdue, alors qu\u2019il l\u2019avait tranquillement la voiture de son p\u00e8re, au pied de son immeuble, dans la Cit\u00e9 des 4000.<\/p>\n<p>Le gar\u00e7on est victime d\u2019un conflit entre deux clans. Les fr\u00e8res Ben Faiza accusent Mhamoudou Mhadjou d\u2019avoir sali l\u2019honneur de leur s\u0153ur Nadia, en entretenant une relation amoureuse avec elle. Ce jour-l\u00e0, l\u2019affrontement a d\u00e9g\u00e9n\u00e9r\u00e9. Apr\u00e8s une altercation \u00e0 mains nues, les accus\u00e9s r\u00e8glent leurs comptes avec des armes \u00e0 feu.<\/p>\n<p>Sarkozy se rend \u00e0 <strong>la Courneuve<\/strong> dans la Cit\u00e9 pour rencontrer la famille\u00a0: visite tr\u00e8s m\u00e9diatis\u00e9e, d\u00e9claration appuy\u00e9e\u00a0: \u00ab\u00a0D\u00e8s demain, on va nettoyer au K\u00e4rcher la Cit\u00e9 des 4000. On y mettra les effectifs n\u00e9cessaires et le temps qu\u2019il faudra, mais \u00e7a sera nettoy\u00e9 [\u2026] Dans un second temps seulement, on parlera de pr\u00e9vention. La police de proximit\u00e9 sera renforc\u00e9e, avec 20 ou 30 policiers [\u2026] J\u2019imagine que vous n\u2019avez plus envie de vivre l\u00e0. On va vous reloger ailleurs, vous serez mieux.\u00a0\u00bb<\/p>\n<p>Certains m\u00e9dias soulignent l\u2019ind\u00e9cence de ces d\u00e9clarations faites sur les lieux du deuil. Mais Sarkozy persiste et signe, selon un syst\u00e8me et sur un ton qui deviendront sa marque pr\u00e9sidentielle\u00a0: \u00ab\u00a0Le terme \u00ab\u00a0nettoyer au K\u00e4rcher\u00a0\u00bb est le terme qui s\u2019impose, parce qu\u2019il faut nettoyer cela\u00a0\u00bb (Journal t\u00e9l\u00e9vis\u00e9 de France 2, 29\u00a0juin 2005). \u00c9pisode de la crise des banlieues et du mal des \u00ab\u00a0quartiers\u00a0\u00bb.<\/p>\n<blockquote>\n<p class=\"citation-small\">\u00ab\u00a0Il faut traverser le p\u00e9riph\u00e9rique, aller chez les indig\u00e8nes l\u00e0-bas, les descendants de Vercing\u00e9torix [\u2026] Il faut casser les portes, et si elles ne veulent pas s\u2019ouvrir, il faut y aller aux forceps. Partout o\u00f9 la diversit\u00e9 n\u2019existe pas, \u00e7a doit \u00eatre comme une invasion de criquets, dans les concours de la fonction publique, dans la police nationale [\u2026] Partout de mani\u00e8re \u00e0 ce qu\u2019on ne puisse plus revenir en arri\u00e8re.\u00a0\u00bb<span id=\"3393\" class=\"cit-num\">3393<\/span><\/p>\n<p class=\"auteur\">Azouz <span class=\"caps\">BEGAG<\/span> (n\u00e9 en 1957), octobre\u00a02005, Entretien,<em> Respect Magazine<\/em>, octobre-d\u00e9cembre\u00a02005. <em>Lectures fran\u00e7aises<\/em>, volume\u00a0<span class=\"caps\">XVIX<\/span> (2006)<\/p>\n<\/blockquote>\n<p>Ministre d\u00e9l\u00e9gu\u00e9 aupr\u00e8s du Premier ministre, charg\u00e9 de la Promotion de l\u2019\u00e9galit\u00e9 des chances dans le gouvernement Dominique de Villepin, il fait entendre sa diff\u00e9rence\u00a0: pas de langue de bois et il sait de quoi il parle.<\/p>\n<p>D\u2019origine alg\u00e9rienne, n\u00e9 en France dans la banlieue lyonnaise en 1957, il passe son doctorat d\u2019\u00e9conomie \u00e0 l\u2019Universit\u00e9 de Lyon et m\u00e8ne de front trois carri\u00e8res. Chercheur au <span class=\"caps\">CNRS<\/span>, sp\u00e9cialiste en socio-\u00e9conomie urbaine, il \u00e9tudie la mobilit\u00e9 des populations immigr\u00e9es dans les espaces urbains. Romancier, il publie une vingtaine de titres traitant des probl\u00e8mes auxquels se heurtent les jeunes d\u2019origine maghr\u00e9bine, pris entre deux cultures, entre tradition et modernisme\u00a0: pauvret\u00e9, racisme, ch\u00f4mage, autodestruction, d\u00e9sespoir. Enfin, il entre en politique et slalome litt\u00e9ralement entre les partis. Ayant \u00e9chou\u00e9 \u00e0 gauche, il a trouv\u00e9 sa place \u00e0 droite, ministre de juin\u00a02005 \u00e0 avril\u00a02007 (et premier arabe), mais le conflit va \u00e9clater face \u00e0 Sarkozy.<\/p>\n<blockquote>\n<p class=\"citation-small\">\u00ab\u00a0Vous en avez assez de cette bande de racailles\u00a0? Eh bien, on va vous en d\u00e9barrasser.\u00a0\u00bb<span id=\"3394\" class=\"cit-num\">3394<\/span><\/p>\n<p class=\"auteur\">Nicolas <span class=\"caps\">SARKOZY<\/span> (n\u00e9 en 1955), ministre de l\u2019Int\u00e9rieur, 25\u00a0octobre 2005, en d\u00e9placement officiel \u00e0 Argenteuil, reportage sur France 2, le 26\u00a0octobre<\/p>\n<\/blockquote>\n<p>C\u2019est une habitante d\u2019une tour <span class=\"caps\">HLM<\/span> d\u2019<strong>Argenteuil<\/strong> qui l\u2019interpelle du haut de son balcon\u00a0: \u00ab\u00a0Quand nous d\u00e9barrasserez-vous de cette racaille\u00a0?\u00a0\u00bb Le ministre lui r\u00e9pond. Et il reprend, en insistant\u00a0: \u00ab\u00a0Le mot racaille \u00e9tait peut-\u00eatre un peu faible.\u00a0\u00bb<\/p>\n<p>Les m\u00e9dias s\u2019empressent de relever ces provocations verbales du ministre de l\u2019Int\u00e9rieur qui s\u2019empresse \u00e0 son tour de les r\u00e9p\u00e9ter\u00a0: \u00ab\u00a0Ce sont des voyous, des racailles, je persiste et je signe\u00a0\u00bb d\u00e9clare-t-il le 10\u00a0novembre sur France 2, lors d\u2019une \u00e9mission sp\u00e9ciale \u00ab\u00a0\u00c0 vous de juger\u00a0\u00bb, consacr\u00e9e \u00e0 la crise des banlieues. Et le ministre de l\u2019Int\u00e9rieur promet d\u2019en d\u00e9barrasser le pays, au nom des \u00ab\u00a0braves gens qui veulent avoir la paix\u00a0\u00bb.<\/p>\n<blockquote>\n<p class=\"citation-small\">\u00ab\u00a0Moi et mes amis, on n\u2019est pas la <em>jet-society<\/em>, on est la <em>tractor-society<\/em>.\u00a0\u00bb<span id=\"3411\" class=\"cit-num\">3411<\/span><\/p>\n<p class=\"auteur\">Fran\u00e7ois <span class=\"caps\">BAYROU<\/span> (n\u00e9 en 1951),<em> Le Point<\/em>, 8\u00a0mars 2007<\/p>\n<\/blockquote>\n<p>C\u2019est de bonne guerre m\u00e9diatique et le natif du <strong>B\u00e9arn<\/strong> (devenu maire de <strong>Pau<\/strong> en 2014) a une belle cote de popularit\u00e9 aupr\u00e8s des Fran\u00e7ais. On ne vote pas pour le candidat le plus \u00ab\u00a0sympa\u00a0\u00bb, mais il va r\u00e9ussir sa campagne et placer quelques id\u00e9es ni de gauche, ni de droite, juste de bon sens, de facture bien fran\u00e7aise et r\u00e9publicaine. C\u2019est l\u2019homme \u00e0 suivre qui peut cr\u00e9er la surprise\u2026<\/p>\n<blockquote>\n<p class=\"citation-small\">\u00ab\u00a0Il est hors de question de laisser un kyste s\u2019organiser.\u00a0\u00bb<span id=\"3491\" class=\"cit-num\">3491<\/span><\/p>\n<p class=\"auteur\">Manuel <span class=\"caps\">VALLS<\/span> (n\u00e9 en 1962), ministre de l\u2019Int\u00e9rieur, 23 novembre 2012, pour justifier l\u2019op\u00e9ration d\u2019expulsion des squatteurs \u00e0 Notre-Dame-des Landes (<span class=\"caps\">NDDL<\/span>). <em>Presse-Oc\u00e9an<\/em> et de nombreux journaux<\/p>\n<\/blockquote>\n<p>Depuis d\u00e9j\u00e0 quatre ans, militants et paysans occupent le terrain du futur a\u00e9roport \u00e0 <strong>Notre-Dame-des Landes<\/strong>\u00a0: projet lanc\u00e9 dans les ann\u00e9es 1960, en pleine euphorie des Trente glorieuses, plusieurs fois diff\u00e9r\u00e9 en raison de son co\u00fbt financier et environnemental, mais p\u00e9riodiquement repris par la gauche au pouvoir. Le gouvernement veut en finir et doit faire preuve d\u2019autorit\u00e9.<\/p>\n<p>Manuel Valls b\u00e9n\u00e9ficie de la meilleure cote de popularit\u00e9 dans l\u2019\u00e9quipe gouvernementale et c\u2019est \u00e0 peine si l\u2019on conteste cette r\u00e9affirmation d\u2019un engagement pris\u00a0: \u00ab\u00a0Il est hors de question de laisser un kyste s\u2019organiser, nous mettrons tout en \u0153uvre pour que la loi soit respect\u00e9e [\u2026] pour que les travaux puissent avoir lieu.\u00a0\u00bb Le ministre d\u00e9plore cette \u00ab\u00a0dr\u00f4le de conception\u00a0\u00bb qui consiste \u00e0 \u00ab\u00a0vouloir emp\u00eacher des r\u00e9gions de se doter des infrastructures qui leur permettent d\u2019\u00eatre particuli\u00e8rement comp\u00e9titives.\u00a0\u00bb<\/p>\n<p>Il se rend \u00e0 Lorient, avec le ministre de la D\u00e9fense Jean-Yves Le Drian (ex-pr\u00e9sident du conseil r\u00e9gional de Bretagne) qui reprend l\u2019argument\u00a0: \u00ab\u00a0Je ne comprends pas au nom de quoi on voudrait priver les habitants de <strong>Bretagne<\/strong> et des <strong>Pays de la Loire<\/strong> et d\u2019autres r\u00e9gions de l\u2019accessibilit\u00e9 a\u00e9rienne\u00a0?\u00a0\u00bb Cependant que Valls r\u00e9p\u00e8te\u00a0: \u00ab\u00a0Force doit revenir \u00e0 la loi [\u2026] <span class=\"caps\">L\u2019\u00c9<\/span>tat de droit, ce n\u2019est pas l\u2019\u00e9tat de faiblesse, l\u2019\u00c9tat de droit, c\u2019est le respect des d\u00e9cisions de justice.\u00a0\u00bb Moins d\u2019une semaine apr\u00e8s une manifestation g\u00e9ante de \u00ab\u00a0r\u00e9occupation\u00a0\u00bb de la zone (13 000 \u00e0 40 000 participants, selon les sources), quelque 500 gendarmes proc\u00e8dent \u00e0 la nouvelle expulsion des squatteurs.<\/p>\n<p>Au c\u0153ur des bois et des champs du bocage nantais, la <span class=\"caps\">ZAD<\/span> (zone d\u2019am\u00e9nagement diff\u00e9r\u00e9, devenue \u00ab\u00a0zone \u00e0 d\u00e9fendre\u00a0\u00bb) est le nouveau symbole d\u2019une lutte \u00e9cologique, altermondialiste et territoriale. Cela rappelle l\u2019affaire du Larzac dans les ann\u00e9es 1970 et les manifestations contre l\u2019extension du camp militaire dans le Massif central. C\u2019est aussi une \u00e9pine dans le pied du Premier ministre, ex-maire de Nantes qui a soutenu ce projet rebaptis\u00e9 l\u2019Ayraultport. Projet finalement abandonn\u00e9.<\/p>\n<blockquote>\n<p class=\"citation-small\">\u00ab\u00a0Le probl\u00e8me des hauts fourneaux de Florange, ce n\u2019est pas les hauts fourneaux de Florange, c\u2019est Mittal [\u2026] Nous ne voulons plus de Mittal en France, parce qu\u2019ils n\u2019ont pas respect\u00e9 la France.\u00a0\u00bb<span id=\"3492\" class=\"cit-num\">3492<\/span><\/p>\n<p class=\"auteur\">Arnaud <span class=\"caps\">MONTEBOURG<\/span> (n\u00e9 en 1962), ministre du Redressement productif, <em>Le Monde<\/em>, 26 novembre 2012<\/p>\n<\/blockquote>\n<p>Autre ministre populaire, autre dossier sensible, ArcelorMittal concernant l\u2019emploi et l\u2019avenir de l\u2019industrie fran\u00e7aise dans l\u2019important secteur de la sid\u00e9rurgie (75 000 emplois), ici dans le Grand Est \u00e0 <strong>Florange<\/strong> (d\u00e9partement de la Moselle).<\/p>\n<p>Le dossier devient explosif quand Montebourg monte au cr\u00e9neau dans un bras de fer m\u00e9diatique avec le milliardaire indien Lakshmi Mittal, premier sid\u00e9rurgiste mondial qui a repris Arcelor (tr\u00e8s endett\u00e9) en 2006. La crise \u00e9conomique et la production d\u2019acier chinois rendent le site lorrain de moins en moins rentable, notamment les hauts fourneaux (fili\u00e8re \u00ab\u00a0chaude\u00a0\u00bb) que Mittal veut fermer, tout en maintenant la transformation de l\u2019acier (fili\u00e8re \u00ab\u00a0froide\u00a0\u00bb).<\/p>\n<p>Le gouvernement aurait un repreneur, mais Mittal refuse de c\u00e9der le secteur rentable. Montebourg accuse Mittal de mensonge, se r\u00e9f\u00e9rant \u00e0 la fermeture de <strong>Gandrange<\/strong>, autre site lorrain o\u00f9 les accords n\u2019ont pas \u00e9t\u00e9 respect\u00e9s. Mittal se d\u00e9fend avec des arguments chiffr\u00e9s, dont ses 20 000 emplois dans la sid\u00e9rurgie en France. Le ministre brandit l\u2019arme de la nationalisation, le temps de trouver un repreneur pour les hauts fourneaux de Moselle. L\u2019intersyndicale approuve cette solution miracle et Montebourg renforce sa popularit\u00e9. Mais il est publiquement d\u00e9savou\u00e9 par le<\/p>\n<p>Premier ministre, d\u00e9but d\u00e9cembre\u00a0: pas question de nationalisation co\u00fbteuse ni d\u2019autre repreneur. Apr\u00e8s trois mois de n\u00e9gociations, un accord avec Mittal\u00a0qualifi\u00e9 de \u00ab\u00a0juste\u00a0\u00bb doit clore toute pol\u00e9mique\u00a0: aucun licenciement, 180 millions d\u2019euros investis avec l\u2019avenir de la fili\u00e8re froide assur\u00e9 pour cinq ans. Montebourg semble pr\u00eat \u00e0 d\u00e9missionner, sauv\u00e9 par le pr\u00e9sident Hollande qui lui renouvelle sa confiance \u2013 impossible de se s\u00e9parer d\u2019un ministre populaire et servant de caution, face \u00e0 la gauche de la gauche qui conteste ce socialisme trop lib\u00e9ral.<\/p>\n<blockquote>\n<p class=\"citation-small\">\u00ab\u00a0J\u2019ai adress\u00e9 \u00e0 Monsieur le pr\u00e9fet de Loire-Atlantique un courrier informant ce dernier de mon souhait de d\u00e9missionner de mon mandat de maire de Saint-Br\u00e9vin-les-Pins.\u00a0\u00bb<\/p>\n<p class=\"auteur\">Yannick <span class=\"caps\">MOREZ<\/span> (n\u00e9 en 1961) maire de la commune de Saint-Br\u00e9vin-les-Pins (Loire-Atlantique) depuis 2017, 10 mai 2023<\/p>\n<\/blockquote>\n<p>\u00ab\u00a0J\u2019ai pris cette d\u00e9cision pour des raisons personnelles, notamment suite \u00e0 l\u2019incendie criminel perp\u00e9tr\u00e9 \u00e0 mon domicile et au manque de soutien de l\u2019\u00c9tat, et apr\u00e8s une longue r\u00e9flexion men\u00e9e avec ma famille\u00a0\u00bb explique l\u2019\u00e9lu. Le domicile du maire avait \u00e9t\u00e9 vis\u00e9 le 22 mars par un incendie d\u00e9truisant deux v\u00e9hicules et endommageant une partie du b\u00e2timent, sans faire de bless\u00e9. Enqu\u00eate criminelle ouverte par le parquet\u2026<\/p>\n<p>Harcel\u00e9 pendant des mois par un collectif d\u2019extr\u00eame droite oppos\u00e9e \u00e0 l\u2019installation d\u2019un centre d\u2019accueil de demandeurs d\u2019asile, le maire d\u00e9missionnaire finalement re\u00e7u \u00e0 Matignon par la Premi\u00e8re ministre \u00c9lisabeth Borne a m\u00e9thodiquement d\u00e9taill\u00e9 l\u2019absence de soutien des diff\u00e9rents services de l\u2019\u00c9tat. Parlant au nom des quelque 35 000 maires de France, le maire de <strong>Saint-Br\u00e9vin-les-Pins<\/strong> d\u00e9clare\u00a0: \u00ab\u00a0\u00catre \u00e9lu local est le plus beau r\u00f4le, il faut le d\u00e9fendre au mieux.\u00a0\u00bb<\/p>\n<blockquote>\n<p class=\"citation-small\">\u00ab\u00a0J\u2019ai l\u2019impression de visiter des pays sans passer de fronti\u00e8res.\u00a0\u00bb<\/p>\n<p class=\"auteur\">St\u00e9phane <span class=\"caps\">BERN<\/span> (n\u00e9 en 1963) f\u00eatant les 10 ans du Village pr\u00e9f\u00e9r\u00e9 des Fran\u00e7ais, <em>Le Parisien<\/em>, fin juin 2022<\/p>\n<\/blockquote>\n<p>Pr\u00e9sentateur m\u00e9diatique sur France 3 du \u00ab\u00a0Village pr\u00e9f\u00e9r\u00e9 des Fran\u00e7ais\u00a0\u00bb, il d\u00e9fend ces petites communes o\u00f9 \u00ab\u00a0on prend le temps de parler, le sens de la solidarit\u00e9 et du vivre ensemble sont r\u00e9els.\u00a0\u00bb Cette \u00e9mission o\u00f9 les t\u00e9l\u00e9spectateurs votent pour le plus beau village cr\u00e9e toujours un afflux de touristes dans les communes gagnantes. En 11 \u00e9ditions, c\u2019est un village alsacien qui gagne quatre fois\u00a0: Eguisheim en 2013, Kaysersberg en 2017, Hunspach en 2020, Bergheim en 2022, la r\u00e9gion<strong> Grand Est<\/strong> \u00e9tant la plus prim\u00e9e. Le d\u00e9partement du <strong>Haut-Rhin<\/strong> est le seul d\u00e9partement \u00e0 d\u00e9tenir trois titres avec Eguisheim, Kaysersberg et Bergheim.<\/p>\n<p>Les r\u00e9gions<strong> Midi-Pyr\u00e9n\u00e9es<\/strong> (avec Saint-Cirq-Lapopie en 2012 et Cordes-sur-Ciel en 2014) et <strong>Bretagne<\/strong> (avec Ploumanac\u2019h en 2015 et Rochefort-en-Terre en 2016) viennent ensuite sur le podium. Six villages gagnants figurent \u00e9galement dans la liste de l\u2019association \u00ab\u00a0Les Plus Beaux Villages de France\u00a0\u00bb\u00a0: Saint-Cirq-Lapopie, Eguisheim, Cordes-sur-Ciel, Rochefort-en-Terre, Hunspach et <strong>Bergheim<\/strong> \u2013 d\u00e9cid\u00e9ment grand gagnant\u00a0: \u00ab\u00a0\u00c0 une quinzaine de kilom\u00e8tres au nord de Colmar, sur La Route des Vins d\u2019Alsace, Bergheim se d\u00e9voile derri\u00e8re une enceinte m\u00e9di\u00e9vale magnifiquement pr\u00e9serv\u00e9e.\u00a0\u00bb Sa page d\u2019accueil est bien faite pour attirer le touriste.<\/p>\n<p>Notons que le Concours de Miss France\u00a0avec ses trente Miss r\u00e9gionales a moins bien vieilli\u00a0: cr\u00e9e en 1920, la formule s\u2019essouffle, malgr\u00e9 l\u2019assouplissement des crit\u00e8res. La porte-parole d\u2019 \u00ab\u00a0Osez le f\u00e9minisme\u00a0\u00bb d\u00e9nonce \u00ab\u00a0un coup de peinture blanche sur un mur moisi\u00a0\u00bb, mais tant qu\u2019il reste un public pour appr\u00e9cier le kitsch au premier ou au 36eme degr\u00e9\u2026 <span class=\"caps\">TF1<\/span> retransmettra la c\u00e9r\u00e9monie qui trouvera sn financement. Le Tour de France cycliste est une tout autre affaire\u00a0!<\/p>\n<blockquote>\n<p class=\"citation-small\">\u00ab\u00a0Aucun spectacle ne saurait \u00eatre compar\u00e9 \u00e0 celui que le Tour de France offre chaque \u00e9t\u00e9 aux populations de nos belles provinces. Le Tour de France c\u2019est une croisade, un p\u00e8lerinage, un enseignement, un exemple.\u00a0\u00bb<span id=\"3500\" class=\"cit-num\">3500<\/span><\/p>\n<p class=\"auteur\">Henri <span class=\"caps\">DESGRANGE<\/span> (1865-1940), sportif, journaliste et cr\u00e9ateur du Tour en 1903<\/p>\n<\/blockquote>\n<p>N\u00e9 en 1903, le Tour a connu bien des d\u00e9boires, des combines (d\u00e9nonc\u00e9es par Desgrange d\u00e8s 1904), des affaires de dopage (toujours plus perfectionn\u00e9, sinon ind\u00e9tectable) et quelques drames. Mais cela fait partie du \u00ab\u00a0jeu\u00a0\u00bb et le Tour avec sa caravane reste tr\u00e8s populaire pour de bonnes raisons\u00a0: feuilleton sportif de juillet, suspense piment\u00e9 de chauvinisme, il attire la foule sur les routes et se d\u00e9roule en direct \u00e0 la t\u00e9l\u00e9, dans un d\u00e9cor naturel et sans cesse renouvel\u00e9, admir\u00e9 bien au-del\u00e0 de nos fronti\u00e8res\u00a0: un milliard de t\u00e9l\u00e9spectateurs (3 fois plus selon les organisateurs). Avec la publicit\u00e9, l\u2019association avec la presse (<em>l\u2019Auto, l\u2019\u00c9quipe<\/em>) et la t\u00e9l\u00e9vision, le financement est toujours gagnant comme la formule. Son histoire m\u00e9rite d\u2019\u00eatre cont\u00e9e en quelques citations.<\/p>\n<p>\u00ab\u00a0J\u2019ai eu de nombreux r\u00eaves sportifs, mais jamais je n\u2019ai entrevu quelque chose d\u2019aussi merveilleux que le Tour, cette r\u00e9alit\u00e9.\u00a0\u00bb Parole d\u2019Henri Desgrange (1865-1940), fier de sa r\u00e9ussite et am\u00e9liorant sans fin \u00ab\u00a0sa formule\u00a0\u00bb pendant trente ans. Jacques Goddet (1905-2000) son successeur pendant un demi-si\u00e8cle, le d\u00e9crit\u00a0: \u00ab\u00a0Rude dans son comportement, rude dans ses expressions, rude envers lui-m\u00eame plus encore qu\u2019envers ses collaborateurs, Henri Desgrange a consid\u00e9r\u00e9 la vie comme un combat permanent.\u00a0\u00bb<\/p>\n<p>Parmi nombre de t\u00e9moignages sur le Tour, un pr\u00e9sident du Conseil dit \u00e0 ses ministres, ann\u00e9es 1930\u00a0: \u00ab\u00a0Le Tour de France d\u00e9marre, nous allons \u00eatre tranquilles pendant un mois.\u00a0\u00bb Parmi ses fans, on compte beaucoup d\u2019intellectuels. Henri Troyat\u00a0: \u00ab\u00a0En v\u00e9rit\u00e9, il y a deux esp\u00e8ces de Fran\u00e7ais, ceux qui avouent aimer le Tour de France et ceux qui l\u2019aiment sans l\u2019avouer.\u00a0\u00bb R\u00e9gis Debray\u00a0: \u00ab\u00a0Le Tour de France, une crise annuelle de bonne humeur qui fait oublier les amertumes du moment et nous \u00e9vite de nous prendre trop au s\u00e9rieux.\u00a0\u00bb \u00c9ric Orsenna\u00a0: \u00ab\u00a0C\u2019est gr\u00e2ce au Tour de France que j\u2019ai appris la g\u00e9ographie et d\u00e9couvert le visage de mon pays. Je ressens toujours une grande tristesse quand on approche du 23 juillet car le Tour va s\u2019achever.\u00a0\u00bb Et Antoine Blondin, g\u00e9nial commentateur du Tour\u00a0: \u00ab\u00a0Le G\u00e9n\u00e9ral De Gaulle est le pr\u00e9sident des Fran\u00e7ais onze mois sur douze. En juillet, c\u2019est Jacques Goddet.\u00a0\u00bb<\/p>\n<p>Apr\u00e8s le r\u00eave qui met r\u00e9ellement la province en vedette et \u00e0 la f\u00eate, retour \u00e0 la r\u00e9alit\u00e9 de la violence quotidienne qui fait aussi la une de l\u2019actualit\u00e9, ph\u00e9nom\u00e8ne d\u2019ailleurs historique, mais prenant des formes sans fin renouvel\u00e9es.<\/p>\n<\/div>\n<style>\r\n        a .cit-num {\r\n            text-decoration: none !important;\r\n            color: inherit !important;\r\n        }\r\n    <\/style>","protected":false},"excerpt":{"rendered":"<p>\u00a0 D\u00e9couvrez les autres \u00e9pisodes de notre tour de France historique&nbsp;: De la Gaule au XVIe si\u00e8cle Du roi Henri IV \u00e0 la R\u00e9volution Du Directoire aux ann\u00e9es 1930 Voici le pari d\u2019une Histoire de France o\u00f9 l\u2019on ne parle pas de Paris. Cela semble aussi fou que d\u2019\u00e9crire un roman de 300 pages sans [&#8230;]<\/p>\n","protected":false},"author":1,"featured_media":0,"comment_status":"open","ping_status":"open","sticky":false,"template":"","format":"standard","meta":{"site-sidebar-layout":"default","site-content-layout":"","ast-site-content-layout":"default","site-content-style":"default","site-sidebar-style":"default","ast-global-header-display":"","ast-banner-title-visibility":"","ast-main-header-display":"","ast-hfb-above-header-display":"","ast-hfb-below-header-display":"","ast-hfb-mobile-header-display":"","site-post-title":"","ast-breadcrumbs-content":"","ast-featured-img":"","footer-sml-layout":"","theme-transparent-header-meta":"","adv-header-id-meta":"","stick-header-meta":"","header-above-stick-meta":"","header-main-stick-meta":"","header-below-stick-meta":"","astra-migrate-meta-layouts":"default","ast-page-background-enabled":"default","ast-page-background-meta":{"desktop":{"background-color":"var(--ast-global-color-5)","background-image":"","background-repeat":"repeat","background-position":"center center","background-size":"auto","background-attachment":"scroll","background-type":"","background-media":"","overlay-type":"","overlay-color":"","overlay-opacity":"","overlay-gradient":""},"tablet":{"background-color":"","background-image":"","background-repeat":"repeat","background-position":"center center","background-size":"auto","background-attachment":"scroll","background-type":"","background-media":"","overlay-type":"","overlay-color":"","overlay-opacity":"","overlay-gradient":""},"mobile":{"background-color":"","background-image":"","background-repeat":"repeat","background-position":"center center","background-size":"auto","background-attachment":"scroll","background-type":"","background-media":"","overlay-type":"","overlay-color":"","overlay-opacity":"","overlay-gradient":""}},"ast-content-background-meta":{"desktop":{"background-color":"var(--ast-global-color-4)","background-image":"","background-repeat":"repeat","background-position":"center center","background-size":"auto","background-attachment":"scroll","background-type":"","background-media":"","overlay-type":"","overlay-color":"","overlay-opacity":"","overlay-gradient":""},"tablet":{"background-color":"var(--ast-global-color-4)","background-image":"","background-repeat":"repeat","background-position":"center center","background-size":"auto","background-attachment":"scroll","background-type":"","background-media":"","overlay-type":"","overlay-color":"","overlay-opacity":"","overlay-gradient":""},"mobile":{"background-color":"var(--ast-global-color-4)","background-image":"","background-repeat":"repeat","background-position":"center center","background-size":"auto","background-attachment":"scroll","background-type":"","background-media":"","overlay-type":"","overlay-color":"","overlay-opacity":"","overlay-gradient":""}},"iawp_total_views":19,"footnotes":""},"categories":[2],"tags":[],"class_list":["post-9795","post","type-post","status-publish","format-standard","hentry","category-edito-de-la-semaine"],"_links":{"self":[{"href":"https:\/\/histoire-en-citations.fr\/WP\/wp-json\/wp\/v2\/posts\/9795","targetHints":{"allow":["GET"]}}],"collection":[{"href":"https:\/\/histoire-en-citations.fr\/WP\/wp-json\/wp\/v2\/posts"}],"about":[{"href":"https:\/\/histoire-en-citations.fr\/WP\/wp-json\/wp\/v2\/types\/post"}],"author":[{"embeddable":true,"href":"https:\/\/histoire-en-citations.fr\/WP\/wp-json\/wp\/v2\/users\/1"}],"replies":[{"embeddable":true,"href":"https:\/\/histoire-en-citations.fr\/WP\/wp-json\/wp\/v2\/comments?post=9795"}],"version-history":[{"count":3,"href":"https:\/\/histoire-en-citations.fr\/WP\/wp-json\/wp\/v2\/posts\/9795\/revisions"}],"predecessor-version":[{"id":12604,"href":"https:\/\/histoire-en-citations.fr\/WP\/wp-json\/wp\/v2\/posts\/9795\/revisions\/12604"}],"wp:attachment":[{"href":"https:\/\/histoire-en-citations.fr\/WP\/wp-json\/wp\/v2\/media?parent=9795"}],"wp:term":[{"taxonomy":"category","embeddable":true,"href":"https:\/\/histoire-en-citations.fr\/WP\/wp-json\/wp\/v2\/categories?post=9795"},{"taxonomy":"post_tag","embeddable":true,"href":"https:\/\/histoire-en-citations.fr\/WP\/wp-json\/wp\/v2\/tags?post=9795"}],"curies":[{"name":"wp","href":"https:\/\/api.w.org\/{rel}","templated":true}]}}